
			
				
				
					
				

			
		{"items":"\n\t\t\t\t\t\t\t\t\t\t\t\n<article id=\"post-11285\" class=\"blog-design-masonry blog-post-loop blog-style-flat  col-lg-6 col-md-6 col-sm-6 col-12 post-11285 post type-post status-publish format-standard has-post-thumbnail hentry category-noutati\">\n\t<div class=\"article-inner\">\n\t\t\t\t\t<header class=\"entry-header\">\n\t\t\t\t\t\t\t\t\t\n\t\t\t\t\t<figure id=\"carousel-404\" class=\"entry-thumbnail\" data-owl-carousel data-hide_pagination_control=\"yes\" data-desktop=\"1\" data-tablet=\"1\" data-tablet_landscape=\"1\" data-mobile=\"1\">\n\t\t\t\t\t\t\n\t\t\t\t\t\t\t<div class=\"post-img-wrapp\">\n\t\t\t\t\t\t\t\t<a href=\"https:\/\/asociatiacivica.ro\/noutati\/pe-ce-baze-construim-rezilienta-oraselor-la-schimbarea-climatica\/\">\n\t\t\t\t\t\t\t\t\t<img width=\"1300\" height=\"700\" src=\"https:\/\/asociatiacivica.ro\/wp-content\/uploads\/2024\/03\/Foto-articol-1300x700.jpg\" class=\"attachment-large size-large wp-image-11286\" alt=\"\" decoding=\"async\" loading=\"lazy\" srcset=\"https:\/\/asociatiacivica.ro\/wp-content\/uploads\/2024\/03\/Foto-articol-1300x700.jpg 1300w, https:\/\/asociatiacivica.ro\/wp-content\/uploads\/2024\/03\/Foto-articol-400x215.jpg 400w, https:\/\/asociatiacivica.ro\/wp-content\/uploads\/2024\/03\/Foto-articol-768x413.jpg 768w, https:\/\/asociatiacivica.ro\/wp-content\/uploads\/2024\/03\/Foto-articol.jpg 1410w\" sizes=\"(max-width: 1300px) 100vw, 1300px\" \/>\t\t\t\t\t\t\t\t<\/a>\n\t\t\t\t\t\t\t<\/div>\n\t\t\t\t\t\t\t<div class=\"post-image-mask\">\n\t\t\t\t\t\t\t\t<span><\/span>\n\t\t\t\t\t\t\t<\/div>\n\n\t\t\t\t\t\t\n\t\t\t\t\t<\/figure>\n\t\t\t\t\n\t\t\t\t\t\t\t\t\t\t\t\t<div class=\"post-date wd-post-date wd-style-with-bg\" onclick=\"\">\n\t\t\t\t<span class=\"post-date-day\">\n\t\t\t\t\t16\t\t\t\t<\/span>\n\t\t\t\t<span class=\"post-date-month\">\n\t\t\t\t\tmart.\t\t\t\t<\/span>\n\t\t\t<\/div>\n\t\t\t\t\t\t\n\t\t\t<\/header><!-- .entry-header -->\n\n\t\t<div class=\"article-body-container\">\n\t\t\t\n\t\t\t\t\t\t\t\t\t<div class=\"meta-categories-wrapp\"><div class=\"meta-post-categories wd-post-cat wd-style-with-bg\"><a href=\"https:\/\/asociatiacivica.ro\/category\/noutati\/\" rel=\"category tag\">Nout\u0103\u021bi<\/a><\/div><\/div>\n\t\t\t\t\n\t\t\t\t\t\t\t\t\t<h3 class=\"wd-entities-title title post-title\">\n\t\t\t\t\t\t<a href=\"https:\/\/asociatiacivica.ro\/noutati\/pe-ce-baze-construim-rezilienta-oraselor-la-schimbarea-climatica\/\" rel=\"bookmark\">PE CE BAZE CONSTRUIM REZILIEN\u021aA ORA\u0218ELOR LA SCHIMBAREA CLIMATIC\u0102?<\/a>\n\t\t\t\t\t<\/h3>\n\t\t\t\t\n\t\t\t\t\t\t\t\t\t<div class=\"entry-meta wd-entry-meta\">\n\t\t\t\t\t\t\t\t\t<ul class=\"entry-meta-list\">\n\t\t\t\t\t\t\t\t\t<li class=\"modified-date\">\n\t\t\t\t\t\t\t\t<time class=\"updated\" datetime=\"2024-03-16T11:22:32+02:00\">\n\t\t\tmartie 16, 2024\t\t<\/time>\n\t\t\t\t\t\t\t<\/li>\n\n\t\t\t\t\t\n\t\t\t\t\t\t\t\t\t\t\t<li class=\"meta-author\">\n\t\t\t\t\t\t\t\t\t<span>\n\t\t\t\t\t\t\tDe\t\t\t\t\t<\/span>\n\n\t\t\t\t\t\t\t\n\t\t<a href=\"https:\/\/asociatiacivica.ro\/author\/admin\/\" rel=\"author\">\n\t\t\t<span class=\"vcard author author_name\">\n\t\t\t\t<span class=\"fn\">admin<\/span>\n\t\t\t<\/span>\n\t\t<\/a>\n\t\t\t\t\t\t\t\t<\/li>\n\t\t\t\t\t\n\t\t\t\t\t\n\t\t\t\t\t\t\t\t\t\t\t<li class=\"meta-reply\">\n\t\t\t\t\t\t\t<a href=\"https:\/\/asociatiacivica.ro\/noutati\/pe-ce-baze-construim-rezilienta-oraselor-la-schimbarea-climatica\/#respond\"><span class=\"replies-count\">0<\/span> <span class=\"replies-count-label\">comments<\/span><\/a>\t\t\t\t\t\t<\/li>\n\t\t\t\t\t\t\t\t\t\t\t\t<\/ul>\n\t\t\t\t\t\t\t<\/div><!-- .entry-meta -->\n\t\t\t\t\t\t\t\t\t\t\t<div class=\"hovered-social-icons wd-tltp wd-tltp-top\">\n\t\t\t\t\t\t\t<div class=\"wd-tooltip-label\">\n\t\t\t\t\t\t\t\t\t\t\t<link rel=\"stylesheet\" id=\"wd-social-icons-css\" href=\"https:\/\/asociatiacivica.ro\/wp-content\/themes\/woodmart\/css\/parts\/el-social-icons.min.css?ver=7.2.5\" type=\"text\/css\" media=\"all\" \/> \t\t\t\n\t\t\t<div class=\"wd-social-icons icons-design-default icons-size-small color-scheme-light social-share social-form-circle text-center\">\n\n\t\t\t\t\n\t\t\t\t\t\t\t\t\t<a rel=\"noopener noreferrer nofollow\" href=\"https:\/\/www.facebook.com\/sharer\/sharer.php?u=https:\/\/asociatiacivica.ro\/noutati\/pe-ce-baze-construim-rezilienta-oraselor-la-schimbarea-climatica\/\" target=\"_blank\" class=\" wd-social-icon social-facebook\" aria-label=\"Facebook social link\">\n\t\t\t\t\t\t<span class=\"wd-icon\"><\/span>\n\t\t\t\t\t\t\t\t\t\t\t<\/a>\n\t\t\t\t\n\t\t\t\t\t\t\t\t\t<a rel=\"noopener noreferrer nofollow\" href=\"https:\/\/twitter.com\/share?url=https:\/\/asociatiacivica.ro\/noutati\/pe-ce-baze-construim-rezilienta-oraselor-la-schimbarea-climatica\/\" target=\"_blank\" class=\" wd-social-icon social-twitter\" aria-label=\"Twitter social link\">\n\t\t\t\t\t\t<span class=\"wd-icon\"><\/span>\n\t\t\t\t\t\t\t\t\t\t\t<\/a>\n\t\t\t\t\n\t\t\t\t\n\t\t\t\t\n\t\t\t\t\n\t\t\t\t\t\t\t\t\t<a rel=\"noopener noreferrer nofollow\" href=\"https:\/\/pinterest.com\/pin\/create\/button\/?url=https:\/\/asociatiacivica.ro\/noutati\/pe-ce-baze-construim-rezilienta-oraselor-la-schimbarea-climatica\/&media=https:\/\/asociatiacivica.ro\/wp-content\/uploads\/2024\/03\/Foto-articol.jpg&description=PE+CE+BAZE+CONSTRUIM+REZILIEN%C8%9AA+ORA%C8%98ELOR+LA+SCHIMBAREA+CLIMATIC%C4%82%3F\" target=\"_blank\" class=\" wd-social-icon social-pinterest\" aria-label=\"Pinterest social link\">\n\t\t\t\t\t\t<span class=\"wd-icon\"><\/span>\n\t\t\t\t\t\t\t\t\t\t\t<\/a>\n\t\t\t\t\n\t\t\t\t\n\t\t\t\t\t\t\t\t\t<a rel=\"noopener noreferrer nofollow\" href=\"https:\/\/www.linkedin.com\/shareArticle?mini=true&url=https:\/\/asociatiacivica.ro\/noutati\/pe-ce-baze-construim-rezilienta-oraselor-la-schimbarea-climatica\/\" target=\"_blank\" class=\" wd-social-icon social-linkedin\" aria-label=\"Linkedin social link\">\n\t\t\t\t\t\t<span class=\"wd-icon\"><\/span>\n\t\t\t\t\t\t\t\t\t\t\t<\/a>\n\t\t\t\t\n\t\t\t\t\n\t\t\t\t\n\t\t\t\t\n\t\t\t\t\n\t\t\t\t\n\t\t\t\t\n\t\t\t\t\n\t\t\t\t\n\t\t\t\t\t\t\t\t\t<a rel=\"noopener noreferrer nofollow\" href=\"https:\/\/api.whatsapp.com\/send?text=https%3A%2F%2Fasociatiacivica.ro%2Fnoutati%2Fpe-ce-baze-construim-rezilienta-oraselor-la-schimbarea-climatica%2F\" target=\"_blank\" class=\"whatsapp-desktop  wd-social-icon social-whatsapp\" aria-label=\"WhatsApp social link\">\n\t\t\t\t\t\t<span class=\"wd-icon\"><\/span>\n\t\t\t\t\t\t\t\t\t\t\t<\/a>\n\t\t\t\t\t\n\t\t\t\t\t<a rel=\"noopener noreferrer nofollow\" href=\"whatsapp:\/\/send?text=https%3A%2F%2Fasociatiacivica.ro%2Fnoutati%2Fpe-ce-baze-construim-rezilienta-oraselor-la-schimbarea-climatica%2F\" target=\"_blank\" class=\"whatsapp-mobile  wd-social-icon social-whatsapp\" aria-label=\"WhatsApp social link\">\n\t\t\t\t\t\t<span class=\"wd-icon\"><\/span>\n\t\t\t\t\t\t\t\t\t\t\t<\/a>\n\t\t\t\t\n\t\t\t\t\t\t\t\t\n\t\t\t\t\t\t\t\t\n\t\t\t\t\n\t\t\t\t\t\t\t\t\t<a rel=\"noopener noreferrer nofollow\" href=\"https:\/\/telegram.me\/share\/url?url=https:\/\/asociatiacivica.ro\/noutati\/pe-ce-baze-construim-rezilienta-oraselor-la-schimbarea-climatica\/\" target=\"_blank\" class=\" wd-social-icon social-tg\" aria-label=\"Telegram social link\">\n\t\t\t\t\t\t<span class=\"wd-icon\"><\/span>\n\t\t\t\t\t\t\t\t\t\t\t<\/a>\n\t\t\t\t\t\t\t\t\n\t\t\t\t\n\t\t\t<\/div>\n\n\t\t\t\t\t\t\t\t\t<\/div>\n\t\t\t\t\t\t<\/div>\n\t\t\t\t\t\t\t\t\t\t\t\t\n\t\t\t\t\t\t\t<div class=\"entry-content wd-entry-content\">\n\t\t\t\t\t\nMunicipiul Ia\u0219i, ca toate marile ora\u0219e din Rom\u00e2nia, se confrunt\u0103 cu provoc\u0103ri tot mai mari generate de schimb\u0103ril...<p class=\"read-more-section\"><a class=\"btn-read-more more-link\" href=\"https:\/\/asociatiacivica.ro\/noutati\/pe-ce-baze-construim-rezilienta-oraselor-la-schimbarea-climatica\/\">Cite\u0219te mai multe<\/a><\/p>\t\t\t\t\t\t\t\t\t<\/div><!-- .entry-content -->\n\t\t\t\n\t\t\t\n\t\t\t\t\t<\/div>\n\t<\/div>\n<\/article><!-- #post -->\n\n\n\t\t\t\t\t\t\t\t\t\t\t\n<article id=\"post-11245\" class=\"blog-design-masonry blog-post-loop blog-style-flat  col-lg-6 col-md-6 col-sm-6 col-12 first  post-11245 post type-post status-publish format-standard has-post-thumbnail hentry category-noutati\">\n\t<div class=\"article-inner\">\n\t\t\t\t\t<header class=\"entry-header\">\n\t\t\t\t\t\t\t\t\t\n\t\t\t\t\t<figure id=\"carousel-196\" class=\"entry-thumbnail\" data-owl-carousel data-hide_pagination_control=\"yes\" data-desktop=\"1\" data-tablet=\"1\" data-tablet_landscape=\"1\" data-mobile=\"1\">\n\t\t\t\t\t\t\n\t\t\t\t\t\t\t<div class=\"post-img-wrapp\">\n\t\t\t\t\t\t\t\t<a href=\"https:\/\/asociatiacivica.ro\/noutati\/ce-si-propun-initiativele-civice-inregistrate-in-piic\/\">\n\t\t\t\t\t\t\t\t\t<img width=\"1300\" height=\"430\" src=\"https:\/\/asociatiacivica.ro\/wp-content\/uploads\/2023\/12\/banner-site-1300x430.jpg\" class=\"attachment-large size-large wp-image-11267\" alt=\"\" decoding=\"async\" loading=\"lazy\" srcset=\"https:\/\/asociatiacivica.ro\/wp-content\/uploads\/2023\/12\/banner-site-1300x430.jpg 1300w, https:\/\/asociatiacivica.ro\/wp-content\/uploads\/2023\/12\/banner-site-400x132.jpg 400w, https:\/\/asociatiacivica.ro\/wp-content\/uploads\/2023\/12\/banner-site-768x254.jpg 768w, https:\/\/asociatiacivica.ro\/wp-content\/uploads\/2023\/12\/banner-site-1536x508.jpg 1536w, https:\/\/asociatiacivica.ro\/wp-content\/uploads\/2023\/12\/banner-site.jpg 1626w\" sizes=\"(max-width: 1300px) 100vw, 1300px\" \/>\t\t\t\t\t\t\t\t<\/a>\n\t\t\t\t\t\t\t<\/div>\n\t\t\t\t\t\t\t<div class=\"post-image-mask\">\n\t\t\t\t\t\t\t\t<span><\/span>\n\t\t\t\t\t\t\t<\/div>\n\n\t\t\t\t\t\t\n\t\t\t\t\t<\/figure>\n\t\t\t\t\n\t\t\t\t\t\t\t\t\t\t\t\t<div class=\"post-date wd-post-date wd-style-with-bg\" onclick=\"\">\n\t\t\t\t<span class=\"post-date-day\">\n\t\t\t\t\t20\t\t\t\t<\/span>\n\t\t\t\t<span class=\"post-date-month\">\n\t\t\t\t\tdec.\t\t\t\t<\/span>\n\t\t\t<\/div>\n\t\t\t\t\t\t\n\t\t\t<\/header><!-- .entry-header -->\n\n\t\t<div class=\"article-body-container\">\n\t\t\t\n\t\t\t\t\t\t\t\t\t<div class=\"meta-categories-wrapp\"><div class=\"meta-post-categories wd-post-cat wd-style-with-bg\"><a href=\"https:\/\/asociatiacivica.ro\/category\/noutati\/\" rel=\"category tag\">Nout\u0103\u021bi<\/a><\/div><\/div>\n\t\t\t\t\n\t\t\t\t\t\t\t\t\t<h3 class=\"wd-entities-title title post-title\">\n\t\t\t\t\t\t<a href=\"https:\/\/asociatiacivica.ro\/noutati\/ce-si-propun-initiativele-civice-inregistrate-in-piic\/\" rel=\"bookmark\">Ce-\u0219i propun ini\u021biativele civice \u00eenregistrate \u00een piic<\/a>\n\t\t\t\t\t<\/h3>\n\t\t\t\t\n\t\t\t\t\t\t\t\t\t<div class=\"entry-meta wd-entry-meta\">\n\t\t\t\t\t\t\t\t\t<ul class=\"entry-meta-list\">\n\t\t\t\t\t\t\t\t\t<li class=\"modified-date\">\n\t\t\t\t\t\t\t\t<time class=\"updated\" datetime=\"2024-02-06T10:23:16+02:00\">\n\t\t\tfebruarie 6, 2024\t\t<\/time>\n\t\t\t\t\t\t\t<\/li>\n\n\t\t\t\t\t\n\t\t\t\t\t\t\t\t\t\t\t<li class=\"meta-author\">\n\t\t\t\t\t\t\t\t\t<span>\n\t\t\t\t\t\t\tDe\t\t\t\t\t<\/span>\n\n\t\t\t\t\t\t\t\n\t\t<a href=\"https:\/\/asociatiacivica.ro\/author\/admin\/\" rel=\"author\">\n\t\t\t<span class=\"vcard author author_name\">\n\t\t\t\t<span class=\"fn\">admin<\/span>\n\t\t\t<\/span>\n\t\t<\/a>\n\t\t\t\t\t\t\t\t<\/li>\n\t\t\t\t\t\n\t\t\t\t\t\n\t\t\t\t\t\t\t\t\t\t\t<li class=\"meta-reply\">\n\t\t\t\t\t\t\t<a href=\"https:\/\/asociatiacivica.ro\/noutati\/ce-si-propun-initiativele-civice-inregistrate-in-piic\/#comments\"><span class=\"replies-count\">2<\/span> <span class=\"replies-count-label\">comments<\/span><\/a>\t\t\t\t\t\t<\/li>\n\t\t\t\t\t\t\t\t\t\t\t\t<\/ul>\n\t\t\t\t\t\t\t<\/div><!-- .entry-meta -->\n\t\t\t\t\t\t\t\t\t\t\t<div class=\"hovered-social-icons wd-tltp wd-tltp-top\">\n\t\t\t\t\t\t\t<div class=\"wd-tooltip-label\">\n\t\t\t\t\t\t\t\t\n\t\t\t<div class=\"wd-social-icons icons-design-default icons-size-small color-scheme-light social-share social-form-circle text-center\">\n\n\t\t\t\t\n\t\t\t\t\t\t\t\t\t<a rel=\"noopener noreferrer nofollow\" href=\"https:\/\/www.facebook.com\/sharer\/sharer.php?u=https:\/\/asociatiacivica.ro\/noutati\/ce-si-propun-initiativele-civice-inregistrate-in-piic\/\" target=\"_blank\" class=\" wd-social-icon social-facebook\" aria-label=\"Facebook social link\">\n\t\t\t\t\t\t<span class=\"wd-icon\"><\/span>\n\t\t\t\t\t\t\t\t\t\t\t<\/a>\n\t\t\t\t\n\t\t\t\t\t\t\t\t\t<a rel=\"noopener noreferrer nofollow\" href=\"https:\/\/twitter.com\/share?url=https:\/\/asociatiacivica.ro\/noutati\/ce-si-propun-initiativele-civice-inregistrate-in-piic\/\" target=\"_blank\" class=\" wd-social-icon social-twitter\" aria-label=\"Twitter social link\">\n\t\t\t\t\t\t<span class=\"wd-icon\"><\/span>\n\t\t\t\t\t\t\t\t\t\t\t<\/a>\n\t\t\t\t\n\t\t\t\t\n\t\t\t\t\n\t\t\t\t\n\t\t\t\t\t\t\t\t\t<a rel=\"noopener noreferrer nofollow\" href=\"https:\/\/pinterest.com\/pin\/create\/button\/?url=https:\/\/asociatiacivica.ro\/noutati\/ce-si-propun-initiativele-civice-inregistrate-in-piic\/&media=https:\/\/asociatiacivica.ro\/wp-content\/uploads\/2023\/12\/banner-site.jpg&description=Ce-%C8%99i+propun+ini%C8%9Biativele+civice+%C3%AEnregistrate+%C3%AEn+piic\" target=\"_blank\" class=\" wd-social-icon social-pinterest\" aria-label=\"Pinterest social link\">\n\t\t\t\t\t\t<span class=\"wd-icon\"><\/span>\n\t\t\t\t\t\t\t\t\t\t\t<\/a>\n\t\t\t\t\n\t\t\t\t\n\t\t\t\t\t\t\t\t\t<a rel=\"noopener noreferrer nofollow\" href=\"https:\/\/www.linkedin.com\/shareArticle?mini=true&url=https:\/\/asociatiacivica.ro\/noutati\/ce-si-propun-initiativele-civice-inregistrate-in-piic\/\" target=\"_blank\" class=\" wd-social-icon social-linkedin\" aria-label=\"Linkedin social link\">\n\t\t\t\t\t\t<span class=\"wd-icon\"><\/span>\n\t\t\t\t\t\t\t\t\t\t\t<\/a>\n\t\t\t\t\n\t\t\t\t\n\t\t\t\t\n\t\t\t\t\n\t\t\t\t\n\t\t\t\t\n\t\t\t\t\n\t\t\t\t\n\t\t\t\t\n\t\t\t\t\t\t\t\t\t<a rel=\"noopener noreferrer nofollow\" href=\"https:\/\/api.whatsapp.com\/send?text=https%3A%2F%2Fasociatiacivica.ro%2Fnoutati%2Fce-si-propun-initiativele-civice-inregistrate-in-piic%2F\" target=\"_blank\" class=\"whatsapp-desktop  wd-social-icon social-whatsapp\" aria-label=\"WhatsApp social link\">\n\t\t\t\t\t\t<span class=\"wd-icon\"><\/span>\n\t\t\t\t\t\t\t\t\t\t\t<\/a>\n\t\t\t\t\t\n\t\t\t\t\t<a rel=\"noopener noreferrer nofollow\" href=\"whatsapp:\/\/send?text=https%3A%2F%2Fasociatiacivica.ro%2Fnoutati%2Fce-si-propun-initiativele-civice-inregistrate-in-piic%2F\" target=\"_blank\" class=\"whatsapp-mobile  wd-social-icon social-whatsapp\" aria-label=\"WhatsApp social link\">\n\t\t\t\t\t\t<span class=\"wd-icon\"><\/span>\n\t\t\t\t\t\t\t\t\t\t\t<\/a>\n\t\t\t\t\n\t\t\t\t\t\t\t\t\n\t\t\t\t\t\t\t\t\n\t\t\t\t\n\t\t\t\t\t\t\t\t\t<a rel=\"noopener noreferrer nofollow\" href=\"https:\/\/telegram.me\/share\/url?url=https:\/\/asociatiacivica.ro\/noutati\/ce-si-propun-initiativele-civice-inregistrate-in-piic\/\" target=\"_blank\" class=\" wd-social-icon social-tg\" aria-label=\"Telegram social link\">\n\t\t\t\t\t\t<span class=\"wd-icon\"><\/span>\n\t\t\t\t\t\t\t\t\t\t\t<\/a>\n\t\t\t\t\t\t\t\t\n\t\t\t\t\n\t\t\t<\/div>\n\n\t\t\t\t\t\t\t\t\t<\/div>\n\t\t\t\t\t\t<\/div>\n\t\t\t\t\t\t\t\t\t\t\t\t\n\t\t\t\t\t\t\t<div class=\"entry-content wd-entry-content\">\n\t\t\t\t\t\n\u00cen perioada 13 - 30 noiembrie s-au \u00eenregistrat \u00een Programul pentru implicare \u0219i inovare Civic\u0103 (piic) 23 de ini\u021bi...<p class=\"read-more-section\"><a class=\"btn-read-more more-link\" href=\"https:\/\/asociatiacivica.ro\/noutati\/ce-si-propun-initiativele-civice-inregistrate-in-piic\/\">Cite\u0219te mai multe<\/a><\/p>\t\t\t\t\t\t\t\t\t<\/div><!-- .entry-content -->\n\t\t\t\n\t\t\t\n\t\t\t\t\t<\/div>\n\t<\/div>\n<\/article><!-- #post -->\n\n\n\t\t\t\t\t\t\t\t\t\t\t\n<article id=\"post-11215\" class=\"blog-design-masonry blog-post-loop blog-style-flat  col-lg-6 col-md-6 col-sm-6 col-12 last  post-11215 post type-post status-publish format-standard has-post-thumbnail hentry category-noutati\">\n\t<div class=\"article-inner\">\n\t\t\t\t\t<header class=\"entry-header\">\n\t\t\t\t\t\t\t\t\t\n\t\t\t\t\t<figure id=\"carousel-301\" class=\"entry-thumbnail\" data-owl-carousel data-hide_pagination_control=\"yes\" data-desktop=\"1\" data-tablet=\"1\" data-tablet_landscape=\"1\" data-mobile=\"1\">\n\t\t\t\t\t\t\n\t\t\t\t\t\t\t<div class=\"post-img-wrapp\">\n\t\t\t\t\t\t\t\t<a href=\"https:\/\/asociatiacivica.ro\/noutati\/o-strategie-pentru-iasi-teme-de-importanta-pentru-viitorul-comunitatii-noastre\/\">\n\t\t\t\t\t\t\t\t\t<img width=\"920\" height=\"517\" src=\"https:\/\/asociatiacivica.ro\/wp-content\/uploads\/2023\/11\/foto-Palat.jpg\" class=\"attachment-large size-large wp-image-11216\" alt=\"\" decoding=\"async\" loading=\"lazy\" srcset=\"https:\/\/asociatiacivica.ro\/wp-content\/uploads\/2023\/11\/foto-Palat.jpg 920w, https:\/\/asociatiacivica.ro\/wp-content\/uploads\/2023\/11\/foto-Palat-400x225.jpg 400w, https:\/\/asociatiacivica.ro\/wp-content\/uploads\/2023\/11\/foto-Palat-768x432.jpg 768w\" sizes=\"(max-width: 920px) 100vw, 920px\" \/>\t\t\t\t\t\t\t\t<\/a>\n\t\t\t\t\t\t\t<\/div>\n\t\t\t\t\t\t\t<div class=\"post-image-mask\">\n\t\t\t\t\t\t\t\t<span><\/span>\n\t\t\t\t\t\t\t<\/div>\n\n\t\t\t\t\t\t\n\t\t\t\t\t<\/figure>\n\t\t\t\t\n\t\t\t\t\t\t\t\t\t\t\t\t<div class=\"post-date wd-post-date wd-style-with-bg\" onclick=\"\">\n\t\t\t\t<span class=\"post-date-day\">\n\t\t\t\t\t21\t\t\t\t<\/span>\n\t\t\t\t<span class=\"post-date-month\">\n\t\t\t\t\tnov.\t\t\t\t<\/span>\n\t\t\t<\/div>\n\t\t\t\t\t\t\n\t\t\t<\/header><!-- .entry-header -->\n\n\t\t<div class=\"article-body-container\">\n\t\t\t\n\t\t\t\t\t\t\t\t\t<div class=\"meta-categories-wrapp\"><div class=\"meta-post-categories wd-post-cat wd-style-with-bg\"><a href=\"https:\/\/asociatiacivica.ro\/category\/noutati\/\" rel=\"category tag\">Nout\u0103\u021bi<\/a><\/div><\/div>\n\t\t\t\t\n\t\t\t\t\t\t\t\t\t<h3 class=\"wd-entities-title title post-title\">\n\t\t\t\t\t\t<a href=\"https:\/\/asociatiacivica.ro\/noutati\/o-strategie-pentru-iasi-teme-de-importanta-pentru-viitorul-comunitatii-noastre\/\" rel=\"bookmark\">O strategie pentru Ia\u0219i \u2013 teme de importan\u021b\u0103 pentru viitorul comunit\u0103\u021bii noastre<\/a>\n\t\t\t\t\t<\/h3>\n\t\t\t\t\n\t\t\t\t\t\t\t\t\t<div class=\"entry-meta wd-entry-meta\">\n\t\t\t\t\t\t\t\t\t<ul class=\"entry-meta-list\">\n\t\t\t\t\t\t\t\t\t<li class=\"modified-date\">\n\t\t\t\t\t\t\t\t<time class=\"updated\" datetime=\"2023-11-21T20:34:44+02:00\">\n\t\t\tnoiembrie 21, 2023\t\t<\/time>\n\t\t\t\t\t\t\t<\/li>\n\n\t\t\t\t\t\n\t\t\t\t\t\t\t\t\t\t\t<li class=\"meta-author\">\n\t\t\t\t\t\t\t\t\t<span>\n\t\t\t\t\t\t\tDe\t\t\t\t\t<\/span>\n\n\t\t\t\t\t\t\t\n\t\t<a href=\"https:\/\/asociatiacivica.ro\/author\/admin\/\" rel=\"author\">\n\t\t\t<span class=\"vcard author author_name\">\n\t\t\t\t<span class=\"fn\">admin<\/span>\n\t\t\t<\/span>\n\t\t<\/a>\n\t\t\t\t\t\t\t\t<\/li>\n\t\t\t\t\t\n\t\t\t\t\t\n\t\t\t\t\t\t\t\t\t\t\t<li class=\"meta-reply\">\n\t\t\t\t\t\t\t<a href=\"https:\/\/asociatiacivica.ro\/noutati\/o-strategie-pentru-iasi-teme-de-importanta-pentru-viitorul-comunitatii-noastre\/#comments\"><span class=\"replies-count\">2<\/span> <span class=\"replies-count-label\">comments<\/span><\/a>\t\t\t\t\t\t<\/li>\n\t\t\t\t\t\t\t\t\t\t\t\t<\/ul>\n\t\t\t\t\t\t\t<\/div><!-- .entry-meta -->\n\t\t\t\t\t\t\t\t\t\t\t<div class=\"hovered-social-icons wd-tltp wd-tltp-top\">\n\t\t\t\t\t\t\t<div class=\"wd-tooltip-label\">\n\t\t\t\t\t\t\t\t\n\t\t\t<div class=\"wd-social-icons icons-design-default icons-size-small color-scheme-light social-share social-form-circle text-center\">\n\n\t\t\t\t\n\t\t\t\t\t\t\t\t\t<a rel=\"noopener noreferrer nofollow\" href=\"https:\/\/www.facebook.com\/sharer\/sharer.php?u=https:\/\/asociatiacivica.ro\/noutati\/o-strategie-pentru-iasi-teme-de-importanta-pentru-viitorul-comunitatii-noastre\/\" target=\"_blank\" class=\" wd-social-icon social-facebook\" aria-label=\"Facebook social link\">\n\t\t\t\t\t\t<span class=\"wd-icon\"><\/span>\n\t\t\t\t\t\t\t\t\t\t\t<\/a>\n\t\t\t\t\n\t\t\t\t\t\t\t\t\t<a rel=\"noopener noreferrer nofollow\" href=\"https:\/\/twitter.com\/share?url=https:\/\/asociatiacivica.ro\/noutati\/o-strategie-pentru-iasi-teme-de-importanta-pentru-viitorul-comunitatii-noastre\/\" target=\"_blank\" class=\" wd-social-icon social-twitter\" aria-label=\"Twitter social link\">\n\t\t\t\t\t\t<span class=\"wd-icon\"><\/span>\n\t\t\t\t\t\t\t\t\t\t\t<\/a>\n\t\t\t\t\n\t\t\t\t\n\t\t\t\t\n\t\t\t\t\n\t\t\t\t\t\t\t\t\t<a rel=\"noopener noreferrer nofollow\" href=\"https:\/\/pinterest.com\/pin\/create\/button\/?url=https:\/\/asociatiacivica.ro\/noutati\/o-strategie-pentru-iasi-teme-de-importanta-pentru-viitorul-comunitatii-noastre\/&media=https:\/\/asociatiacivica.ro\/wp-content\/uploads\/2023\/11\/foto-Palat.jpg&description=O+strategie+pentru+Ia%C8%99i+%E2%80%93+teme+de+importan%C8%9B%C4%83+pentru+viitorul+comunit%C4%83%C8%9Bii+noastre\" target=\"_blank\" class=\" wd-social-icon social-pinterest\" aria-label=\"Pinterest social link\">\n\t\t\t\t\t\t<span class=\"wd-icon\"><\/span>\n\t\t\t\t\t\t\t\t\t\t\t<\/a>\n\t\t\t\t\n\t\t\t\t\n\t\t\t\t\t\t\t\t\t<a rel=\"noopener noreferrer nofollow\" href=\"https:\/\/www.linkedin.com\/shareArticle?mini=true&url=https:\/\/asociatiacivica.ro\/noutati\/o-strategie-pentru-iasi-teme-de-importanta-pentru-viitorul-comunitatii-noastre\/\" target=\"_blank\" class=\" wd-social-icon social-linkedin\" aria-label=\"Linkedin social link\">\n\t\t\t\t\t\t<span class=\"wd-icon\"><\/span>\n\t\t\t\t\t\t\t\t\t\t\t<\/a>\n\t\t\t\t\n\t\t\t\t\n\t\t\t\t\n\t\t\t\t\n\t\t\t\t\n\t\t\t\t\n\t\t\t\t\n\t\t\t\t\n\t\t\t\t\n\t\t\t\t\t\t\t\t\t<a rel=\"noopener noreferrer nofollow\" href=\"https:\/\/api.whatsapp.com\/send?text=https%3A%2F%2Fasociatiacivica.ro%2Fnoutati%2Fo-strategie-pentru-iasi-teme-de-importanta-pentru-viitorul-comunitatii-noastre%2F\" target=\"_blank\" class=\"whatsapp-desktop  wd-social-icon social-whatsapp\" aria-label=\"WhatsApp social link\">\n\t\t\t\t\t\t<span class=\"wd-icon\"><\/span>\n\t\t\t\t\t\t\t\t\t\t\t<\/a>\n\t\t\t\t\t\n\t\t\t\t\t<a rel=\"noopener noreferrer nofollow\" href=\"whatsapp:\/\/send?text=https%3A%2F%2Fasociatiacivica.ro%2Fnoutati%2Fo-strategie-pentru-iasi-teme-de-importanta-pentru-viitorul-comunitatii-noastre%2F\" target=\"_blank\" class=\"whatsapp-mobile  wd-social-icon social-whatsapp\" aria-label=\"WhatsApp social link\">\n\t\t\t\t\t\t<span class=\"wd-icon\"><\/span>\n\t\t\t\t\t\t\t\t\t\t\t<\/a>\n\t\t\t\t\n\t\t\t\t\t\t\t\t\n\t\t\t\t\t\t\t\t\n\t\t\t\t\n\t\t\t\t\t\t\t\t\t<a rel=\"noopener noreferrer nofollow\" href=\"https:\/\/telegram.me\/share\/url?url=https:\/\/asociatiacivica.ro\/noutati\/o-strategie-pentru-iasi-teme-de-importanta-pentru-viitorul-comunitatii-noastre\/\" target=\"_blank\" class=\" wd-social-icon social-tg\" aria-label=\"Telegram social link\">\n\t\t\t\t\t\t<span class=\"wd-icon\"><\/span>\n\t\t\t\t\t\t\t\t\t\t\t<\/a>\n\t\t\t\t\t\t\t\t\n\t\t\t\t\n\t\t\t<\/div>\n\n\t\t\t\t\t\t\t\t\t<\/div>\n\t\t\t\t\t\t<\/div>\n\t\t\t\t\t\t\t\t\t\t\t\t\n\t\t\t\t\t\t\t<div class=\"entry-content wd-entry-content\">\n\t\t\t\t\t\nAm lansat perioada aceasta Programul pentru implicare \u0219i inovare Civic\u0103 (piic) mecanism-re\u021bea prin care ne propun...<p class=\"read-more-section\"><a class=\"btn-read-more more-link\" href=\"https:\/\/asociatiacivica.ro\/noutati\/o-strategie-pentru-iasi-teme-de-importanta-pentru-viitorul-comunitatii-noastre\/\">Cite\u0219te mai multe<\/a><\/p>\t\t\t\t\t\t\t\t\t<\/div><!-- .entry-content -->\n\t\t\t\n\t\t\t\n\t\t\t\t\t<\/div>\n\t<\/div>\n<\/article><!-- #post -->\n\n\n\t\t\t\t\t\t\t\t\t\t\t\n<article id=\"post-11194\" class=\"blog-design-masonry blog-post-loop blog-style-flat  col-lg-6 col-md-6 col-sm-6 col-12 first  post-11194 post type-post status-publish format-standard has-post-thumbnail hentry category-noutati\">\n\t<div class=\"article-inner\">\n\t\t\t\t\t<header class=\"entry-header\">\n\t\t\t\t\t\t\t\t\t\n\t\t\t\t\t<figure id=\"carousel-714\" class=\"entry-thumbnail\" data-owl-carousel data-hide_pagination_control=\"yes\" data-desktop=\"1\" data-tablet=\"1\" data-tablet_landscape=\"1\" data-mobile=\"1\">\n\t\t\t\t\t\t\n\t\t\t\t\t\t\t<div class=\"post-img-wrapp\">\n\t\t\t\t\t\t\t\t<a href=\"https:\/\/asociatiacivica.ro\/noutati\/padurea-si-lacurile-ciric-pot-deveni-o-arie-naturala-urbana\/\">\n\t\t\t\t\t\t\t\t\t<img width=\"1300\" height=\"731\" src=\"https:\/\/asociatiacivica.ro\/wp-content\/uploads\/2023\/11\/DJI_0183-1-1300x731.jpg\" class=\"attachment-large size-large wp-image-11193\" alt=\"\" decoding=\"async\" loading=\"lazy\" srcset=\"https:\/\/asociatiacivica.ro\/wp-content\/uploads\/2023\/11\/DJI_0183-1-1300x731.jpg 1300w, https:\/\/asociatiacivica.ro\/wp-content\/uploads\/2023\/11\/DJI_0183-1-400x225.jpg 400w, https:\/\/asociatiacivica.ro\/wp-content\/uploads\/2023\/11\/DJI_0183-1-768x432.jpg 768w, https:\/\/asociatiacivica.ro\/wp-content\/uploads\/2023\/11\/DJI_0183-1-1536x864.jpg 1536w, https:\/\/asociatiacivica.ro\/wp-content\/uploads\/2023\/11\/DJI_0183-1.jpg 2000w\" sizes=\"(max-width: 1300px) 100vw, 1300px\" \/>\t\t\t\t\t\t\t\t<\/a>\n\t\t\t\t\t\t\t<\/div>\n\t\t\t\t\t\t\t<div class=\"post-image-mask\">\n\t\t\t\t\t\t\t\t<span><\/span>\n\t\t\t\t\t\t\t<\/div>\n\n\t\t\t\t\t\t\n\t\t\t\t\t<\/figure>\n\t\t\t\t\n\t\t\t\t\t\t\t\t\t\t\t\t<div class=\"post-date wd-post-date wd-style-with-bg\" onclick=\"\">\n\t\t\t\t<span class=\"post-date-day\">\n\t\t\t\t\t01\t\t\t\t<\/span>\n\t\t\t\t<span class=\"post-date-month\">\n\t\t\t\t\tnov.\t\t\t\t<\/span>\n\t\t\t<\/div>\n\t\t\t\t\t\t\n\t\t\t<\/header><!-- .entry-header -->\n\n\t\t<div class=\"article-body-container\">\n\t\t\t\n\t\t\t\t\t\t\t\t\t<div class=\"meta-categories-wrapp\"><div class=\"meta-post-categories wd-post-cat wd-style-with-bg\"><a href=\"https:\/\/asociatiacivica.ro\/category\/noutati\/\" rel=\"category tag\">Nout\u0103\u021bi<\/a><\/div><\/div>\n\t\t\t\t\n\t\t\t\t\t\t\t\t\t<h3 class=\"wd-entities-title title post-title\">\n\t\t\t\t\t\t<a href=\"https:\/\/asociatiacivica.ro\/noutati\/padurea-si-lacurile-ciric-pot-deveni-o-arie-naturala-urbana\/\" rel=\"bookmark\">P\u0103durea \u0219i lacurile Ciric pot deveni o Arie Natural\u0103 Urban\u0103<\/a>\n\t\t\t\t\t<\/h3>\n\t\t\t\t\n\t\t\t\t\t\t\t\t\t<div class=\"entry-meta wd-entry-meta\">\n\t\t\t\t\t\t\t\t\t<ul class=\"entry-meta-list\">\n\t\t\t\t\t\t\t\t\t<li class=\"modified-date\">\n\t\t\t\t\t\t\t\t<time class=\"updated\" datetime=\"2023-11-27T22:55:22+02:00\">\n\t\t\tnoiembrie 27, 2023\t\t<\/time>\n\t\t\t\t\t\t\t<\/li>\n\n\t\t\t\t\t\n\t\t\t\t\t\t\t\t\t\t\t<li class=\"meta-author\">\n\t\t\t\t\t\t\t\t\t<span>\n\t\t\t\t\t\t\tDe\t\t\t\t\t<\/span>\n\n\t\t\t\t\t\t\t\n\t\t<a href=\"https:\/\/asociatiacivica.ro\/author\/admin\/\" rel=\"author\">\n\t\t\t<span class=\"vcard author author_name\">\n\t\t\t\t<span class=\"fn\">admin<\/span>\n\t\t\t<\/span>\n\t\t<\/a>\n\t\t\t\t\t\t\t\t<\/li>\n\t\t\t\t\t\n\t\t\t\t\t\n\t\t\t\t\t\t\t\t\t\t\t<li class=\"meta-reply\">\n\t\t\t\t\t\t\t<a href=\"https:\/\/asociatiacivica.ro\/noutati\/padurea-si-lacurile-ciric-pot-deveni-o-arie-naturala-urbana\/#comments\"><span class=\"replies-count\">1<\/span> <span class=\"replies-count-label\">comment<\/span><\/a>\t\t\t\t\t\t<\/li>\n\t\t\t\t\t\t\t\t\t\t\t\t<\/ul>\n\t\t\t\t\t\t\t<\/div><!-- .entry-meta -->\n\t\t\t\t\t\t\t\t\t\t\t<div class=\"hovered-social-icons wd-tltp wd-tltp-top\">\n\t\t\t\t\t\t\t<div class=\"wd-tooltip-label\">\n\t\t\t\t\t\t\t\t\n\t\t\t<div class=\"wd-social-icons icons-design-default icons-size-small color-scheme-light social-share social-form-circle text-center\">\n\n\t\t\t\t\n\t\t\t\t\t\t\t\t\t<a rel=\"noopener noreferrer nofollow\" href=\"https:\/\/www.facebook.com\/sharer\/sharer.php?u=https:\/\/asociatiacivica.ro\/noutati\/padurea-si-lacurile-ciric-pot-deveni-o-arie-naturala-urbana\/\" target=\"_blank\" class=\" wd-social-icon social-facebook\" aria-label=\"Facebook social link\">\n\t\t\t\t\t\t<span class=\"wd-icon\"><\/span>\n\t\t\t\t\t\t\t\t\t\t\t<\/a>\n\t\t\t\t\n\t\t\t\t\t\t\t\t\t<a rel=\"noopener noreferrer nofollow\" href=\"https:\/\/twitter.com\/share?url=https:\/\/asociatiacivica.ro\/noutati\/padurea-si-lacurile-ciric-pot-deveni-o-arie-naturala-urbana\/\" target=\"_blank\" class=\" wd-social-icon social-twitter\" aria-label=\"Twitter social link\">\n\t\t\t\t\t\t<span class=\"wd-icon\"><\/span>\n\t\t\t\t\t\t\t\t\t\t\t<\/a>\n\t\t\t\t\n\t\t\t\t\n\t\t\t\t\n\t\t\t\t\n\t\t\t\t\t\t\t\t\t<a rel=\"noopener noreferrer nofollow\" href=\"https:\/\/pinterest.com\/pin\/create\/button\/?url=https:\/\/asociatiacivica.ro\/noutati\/padurea-si-lacurile-ciric-pot-deveni-o-arie-naturala-urbana\/&media=https:\/\/asociatiacivica.ro\/wp-content\/uploads\/2023\/11\/DJI_0183-1.jpg&description=P%C4%83durea+%C8%99i+lacurile+Ciric+pot+deveni+o+Arie+Natural%C4%83+Urban%C4%83\" target=\"_blank\" class=\" wd-social-icon social-pinterest\" aria-label=\"Pinterest social link\">\n\t\t\t\t\t\t<span class=\"wd-icon\"><\/span>\n\t\t\t\t\t\t\t\t\t\t\t<\/a>\n\t\t\t\t\n\t\t\t\t\n\t\t\t\t\t\t\t\t\t<a rel=\"noopener noreferrer nofollow\" href=\"https:\/\/www.linkedin.com\/shareArticle?mini=true&url=https:\/\/asociatiacivica.ro\/noutati\/padurea-si-lacurile-ciric-pot-deveni-o-arie-naturala-urbana\/\" target=\"_blank\" class=\" wd-social-icon social-linkedin\" aria-label=\"Linkedin social link\">\n\t\t\t\t\t\t<span class=\"wd-icon\"><\/span>\n\t\t\t\t\t\t\t\t\t\t\t<\/a>\n\t\t\t\t\n\t\t\t\t\n\t\t\t\t\n\t\t\t\t\n\t\t\t\t\n\t\t\t\t\n\t\t\t\t\n\t\t\t\t\n\t\t\t\t\n\t\t\t\t\t\t\t\t\t<a rel=\"noopener noreferrer nofollow\" href=\"https:\/\/api.whatsapp.com\/send?text=https%3A%2F%2Fasociatiacivica.ro%2Fnoutati%2Fpadurea-si-lacurile-ciric-pot-deveni-o-arie-naturala-urbana%2F\" target=\"_blank\" class=\"whatsapp-desktop  wd-social-icon social-whatsapp\" aria-label=\"WhatsApp social link\">\n\t\t\t\t\t\t<span class=\"wd-icon\"><\/span>\n\t\t\t\t\t\t\t\t\t\t\t<\/a>\n\t\t\t\t\t\n\t\t\t\t\t<a rel=\"noopener noreferrer nofollow\" href=\"whatsapp:\/\/send?text=https%3A%2F%2Fasociatiacivica.ro%2Fnoutati%2Fpadurea-si-lacurile-ciric-pot-deveni-o-arie-naturala-urbana%2F\" target=\"_blank\" class=\"whatsapp-mobile  wd-social-icon social-whatsapp\" aria-label=\"WhatsApp social link\">\n\t\t\t\t\t\t<span class=\"wd-icon\"><\/span>\n\t\t\t\t\t\t\t\t\t\t\t<\/a>\n\t\t\t\t\n\t\t\t\t\t\t\t\t\n\t\t\t\t\t\t\t\t\n\t\t\t\t\n\t\t\t\t\t\t\t\t\t<a rel=\"noopener noreferrer nofollow\" href=\"https:\/\/telegram.me\/share\/url?url=https:\/\/asociatiacivica.ro\/noutati\/padurea-si-lacurile-ciric-pot-deveni-o-arie-naturala-urbana\/\" target=\"_blank\" class=\" wd-social-icon social-tg\" aria-label=\"Telegram social link\">\n\t\t\t\t\t\t<span class=\"wd-icon\"><\/span>\n\t\t\t\t\t\t\t\t\t\t\t<\/a>\n\t\t\t\t\t\t\t\t\n\t\t\t\t\n\t\t\t<\/div>\n\n\t\t\t\t\t\t\t\t\t<\/div>\n\t\t\t\t\t\t<\/div>\n\t\t\t\t\t\t\t\t\t\t\t\t\n\t\t\t\t\t\t\t<div class=\"entry-content wd-entry-content\">\n\t\t\t\t\t \t\t\t\t\t\n\t\t\tUn rol-cheie pentru asigurarea calit\u0103\u021bii vie\u021bii cet\u0103\u021benilor marilor ora\u0219e \u00eel are protejarea zonelor verzi (at\u00e2t din interioru...<p class=\"read-more-section\"><a class=\"btn-read-more more-link\" href=\"https:\/\/asociatiacivica.ro\/noutati\/padurea-si-lacurile-ciric-pot-deveni-o-arie-naturala-urbana\/\">Cite\u0219te mai multe<\/a><\/p>\t\t\t\t\t\t\t\t\t<\/div><!-- .entry-content -->\n\t\t\t\n\t\t\t\n\t\t\t\t\t<\/div>\n\t<\/div>\n<\/article><!-- #post -->\n\n\n\t\t\t\t\t\t\t\t\t\t\t\n<article id=\"post-11044\" class=\"blog-design-masonry blog-post-loop blog-style-flat  col-lg-6 col-md-6 col-sm-6 col-12 last  post-11044 post type-post status-publish format-standard has-post-thumbnail hentry category-noutati\">\n\t<div class=\"article-inner\">\n\t\t\t\t\t<header class=\"entry-header\">\n\t\t\t\t\t\t\t\t\t\n\t\t\t\t\t<figure id=\"carousel-155\" class=\"entry-thumbnail\" data-owl-carousel data-hide_pagination_control=\"yes\" data-desktop=\"1\" data-tablet=\"1\" data-tablet_landscape=\"1\" data-mobile=\"1\">\n\t\t\t\t\t\t\n\t\t\t\t\t\t\t<div class=\"post-img-wrapp\">\n\t\t\t\t\t\t\t\t<a href=\"https:\/\/asociatiacivica.ro\/noutati\/liceenii-din-iasi-echipati-in-lupta-cu-dezinformarea-inchiderea-proiectului-abc-ul-educatiei-media\/\">\n\t\t\t\t\t\t\t\t\t<img width=\"1080\" height=\"540\" src=\"https:\/\/asociatiacivica.ro\/wp-content\/uploads\/2023\/09\/resized.png\" class=\"attachment-large size-large wp-image-11052\" alt=\"\" decoding=\"async\" loading=\"lazy\" srcset=\"https:\/\/asociatiacivica.ro\/wp-content\/uploads\/2023\/09\/resized.png 1080w, https:\/\/asociatiacivica.ro\/wp-content\/uploads\/2023\/09\/resized-400x200.png 400w, https:\/\/asociatiacivica.ro\/wp-content\/uploads\/2023\/09\/resized-768x384.png 768w\" sizes=\"(max-width: 1080px) 100vw, 1080px\" \/>\t\t\t\t\t\t\t\t<\/a>\n\t\t\t\t\t\t\t<\/div>\n\t\t\t\t\t\t\t<div class=\"post-image-mask\">\n\t\t\t\t\t\t\t\t<span><\/span>\n\t\t\t\t\t\t\t<\/div>\n\n\t\t\t\t\t\t\n\t\t\t\t\t<\/figure>\n\t\t\t\t\n\t\t\t\t\t\t\t\t\t\t\t\t<div class=\"post-date wd-post-date wd-style-with-bg\" onclick=\"\">\n\t\t\t\t<span class=\"post-date-day\">\n\t\t\t\t\t01\t\t\t\t<\/span>\n\t\t\t\t<span class=\"post-date-month\">\n\t\t\t\t\toct.\t\t\t\t<\/span>\n\t\t\t<\/div>\n\t\t\t\t\t\t\n\t\t\t<\/header><!-- .entry-header -->\n\n\t\t<div class=\"article-body-container\">\n\t\t\t\n\t\t\t\t\t\t\t\t\t<div class=\"meta-categories-wrapp\"><div class=\"meta-post-categories wd-post-cat wd-style-with-bg\"><a href=\"https:\/\/asociatiacivica.ro\/category\/noutati\/\" rel=\"category tag\">Nout\u0103\u021bi<\/a><\/div><\/div>\n\t\t\t\t\n\t\t\t\t\t\t\t\t\t<h3 class=\"wd-entities-title title post-title\">\n\t\t\t\t\t\t<a href=\"https:\/\/asociatiacivica.ro\/noutati\/liceenii-din-iasi-echipati-in-lupta-cu-dezinformarea-inchiderea-proiectului-abc-ul-educatiei-media\/\" rel=\"bookmark\">Liceenii din Ia\u0219i echipa\u021bi \u00een lupta cu dezinformarea: \u00cenchiderea proiectului ABC-ul educa\u021biei media<\/a>\n\t\t\t\t\t<\/h3>\n\t\t\t\t\n\t\t\t\t\t\t\t\t\t<div class=\"entry-meta wd-entry-meta\">\n\t\t\t\t\t\t\t\t\t<ul class=\"entry-meta-list\">\n\t\t\t\t\t\t\t\t\t<li class=\"modified-date\">\n\t\t\t\t\t\t\t\t<time class=\"updated\" datetime=\"2023-10-01T22:28:31+02:00\">\n\t\t\toctombrie 1, 2023\t\t<\/time>\n\t\t\t\t\t\t\t<\/li>\n\n\t\t\t\t\t\n\t\t\t\t\t\t\t\t\t\t\t<li class=\"meta-author\">\n\t\t\t\t\t\t\t\t\t<span>\n\t\t\t\t\t\t\tDe\t\t\t\t\t<\/span>\n\n\t\t\t\t\t\t\t\n\t\t<a href=\"https:\/\/asociatiacivica.ro\/author\/admin\/\" rel=\"author\">\n\t\t\t<span class=\"vcard author author_name\">\n\t\t\t\t<span class=\"fn\">admin<\/span>\n\t\t\t<\/span>\n\t\t<\/a>\n\t\t\t\t\t\t\t\t<\/li>\n\t\t\t\t\t\n\t\t\t\t\t\n\t\t\t\t\t\t\t\t\t\t\t<li class=\"meta-reply\">\n\t\t\t\t\t\t\t<a href=\"https:\/\/asociatiacivica.ro\/noutati\/liceenii-din-iasi-echipati-in-lupta-cu-dezinformarea-inchiderea-proiectului-abc-ul-educatiei-media\/#comments\"><span class=\"replies-count\">6<\/span> <span class=\"replies-count-label\">comments<\/span><\/a>\t\t\t\t\t\t<\/li>\n\t\t\t\t\t\t\t\t\t\t\t\t<\/ul>\n\t\t\t\t\t\t\t<\/div><!-- .entry-meta -->\n\t\t\t\t\t\t\t\t\t\t\t<div class=\"hovered-social-icons wd-tltp wd-tltp-top\">\n\t\t\t\t\t\t\t<div class=\"wd-tooltip-label\">\n\t\t\t\t\t\t\t\t\n\t\t\t<div class=\"wd-social-icons icons-design-default icons-size-small color-scheme-light social-share social-form-circle text-center\">\n\n\t\t\t\t\n\t\t\t\t\t\t\t\t\t<a rel=\"noopener noreferrer nofollow\" href=\"https:\/\/www.facebook.com\/sharer\/sharer.php?u=https:\/\/asociatiacivica.ro\/noutati\/liceenii-din-iasi-echipati-in-lupta-cu-dezinformarea-inchiderea-proiectului-abc-ul-educatiei-media\/\" target=\"_blank\" class=\" wd-social-icon social-facebook\" aria-label=\"Facebook social link\">\n\t\t\t\t\t\t<span class=\"wd-icon\"><\/span>\n\t\t\t\t\t\t\t\t\t\t\t<\/a>\n\t\t\t\t\n\t\t\t\t\t\t\t\t\t<a rel=\"noopener noreferrer nofollow\" href=\"https:\/\/twitter.com\/share?url=https:\/\/asociatiacivica.ro\/noutati\/liceenii-din-iasi-echipati-in-lupta-cu-dezinformarea-inchiderea-proiectului-abc-ul-educatiei-media\/\" target=\"_blank\" class=\" wd-social-icon social-twitter\" aria-label=\"Twitter social link\">\n\t\t\t\t\t\t<span class=\"wd-icon\"><\/span>\n\t\t\t\t\t\t\t\t\t\t\t<\/a>\n\t\t\t\t\n\t\t\t\t\n\t\t\t\t\n\t\t\t\t\n\t\t\t\t\t\t\t\t\t<a rel=\"noopener noreferrer nofollow\" href=\"https:\/\/pinterest.com\/pin\/create\/button\/?url=https:\/\/asociatiacivica.ro\/noutati\/liceenii-din-iasi-echipati-in-lupta-cu-dezinformarea-inchiderea-proiectului-abc-ul-educatiei-media\/&media=https:\/\/asociatiacivica.ro\/wp-content\/uploads\/2023\/09\/resized.png&description=Liceenii+din+Ia%C8%99i+echipa%C8%9Bi+%C3%AEn+lupta+cu+dezinformarea%3A+%C3%8Enchiderea+proiectului+ABC-ul+educa%C8%9Biei+media\" target=\"_blank\" class=\" wd-social-icon social-pinterest\" aria-label=\"Pinterest social link\">\n\t\t\t\t\t\t<span class=\"wd-icon\"><\/span>\n\t\t\t\t\t\t\t\t\t\t\t<\/a>\n\t\t\t\t\n\t\t\t\t\n\t\t\t\t\t\t\t\t\t<a rel=\"noopener noreferrer nofollow\" href=\"https:\/\/www.linkedin.com\/shareArticle?mini=true&url=https:\/\/asociatiacivica.ro\/noutati\/liceenii-din-iasi-echipati-in-lupta-cu-dezinformarea-inchiderea-proiectului-abc-ul-educatiei-media\/\" target=\"_blank\" class=\" wd-social-icon social-linkedin\" aria-label=\"Linkedin social link\">\n\t\t\t\t\t\t<span class=\"wd-icon\"><\/span>\n\t\t\t\t\t\t\t\t\t\t\t<\/a>\n\t\t\t\t\n\t\t\t\t\n\t\t\t\t\n\t\t\t\t\n\t\t\t\t\n\t\t\t\t\n\t\t\t\t\n\t\t\t\t\n\t\t\t\t\n\t\t\t\t\t\t\t\t\t<a rel=\"noopener noreferrer nofollow\" href=\"https:\/\/api.whatsapp.com\/send?text=https%3A%2F%2Fasociatiacivica.ro%2Fnoutati%2Fliceenii-din-iasi-echipati-in-lupta-cu-dezinformarea-inchiderea-proiectului-abc-ul-educatiei-media%2F\" target=\"_blank\" class=\"whatsapp-desktop  wd-social-icon social-whatsapp\" aria-label=\"WhatsApp social link\">\n\t\t\t\t\t\t<span class=\"wd-icon\"><\/span>\n\t\t\t\t\t\t\t\t\t\t\t<\/a>\n\t\t\t\t\t\n\t\t\t\t\t<a rel=\"noopener noreferrer nofollow\" href=\"whatsapp:\/\/send?text=https%3A%2F%2Fasociatiacivica.ro%2Fnoutati%2Fliceenii-din-iasi-echipati-in-lupta-cu-dezinformarea-inchiderea-proiectului-abc-ul-educatiei-media%2F\" target=\"_blank\" class=\"whatsapp-mobile  wd-social-icon social-whatsapp\" aria-label=\"WhatsApp social link\">\n\t\t\t\t\t\t<span class=\"wd-icon\"><\/span>\n\t\t\t\t\t\t\t\t\t\t\t<\/a>\n\t\t\t\t\n\t\t\t\t\t\t\t\t\n\t\t\t\t\t\t\t\t\n\t\t\t\t\n\t\t\t\t\t\t\t\t\t<a rel=\"noopener noreferrer nofollow\" href=\"https:\/\/telegram.me\/share\/url?url=https:\/\/asociatiacivica.ro\/noutati\/liceenii-din-iasi-echipati-in-lupta-cu-dezinformarea-inchiderea-proiectului-abc-ul-educatiei-media\/\" target=\"_blank\" class=\" wd-social-icon social-tg\" aria-label=\"Telegram social link\">\n\t\t\t\t\t\t<span class=\"wd-icon\"><\/span>\n\t\t\t\t\t\t\t\t\t\t\t<\/a>\n\t\t\t\t\t\t\t\t\n\t\t\t\t\n\t\t\t<\/div>\n\n\t\t\t\t\t\t\t\t\t<\/div>\n\t\t\t\t\t\t<\/div>\n\t\t\t\t\t\t\t\t\t\t\t\t\n\t\t\t\t\t\t\t<div class=\"entry-content wd-entry-content\">\n\t\t\t\t\t\u0218oc for real, Media Pred, White Lies \u0219i Welcome to Reality sunt doar patru din cele treisprezece echipe de liceeni de la Colegiul Na\u021bio...<p class=\"read-more-section\"><a class=\"btn-read-more more-link\" href=\"https:\/\/asociatiacivica.ro\/noutati\/liceenii-din-iasi-echipati-in-lupta-cu-dezinformarea-inchiderea-proiectului-abc-ul-educatiei-media\/\">Cite\u0219te mai multe<\/a><\/p>\t\t\t\t\t\t\t\t\t<\/div><!-- .entry-content -->\n\t\t\t\n\t\t\t\n\t\t\t\t\t<\/div>\n\t<\/div>\n<\/article><!-- #post -->\n\n\n\t\t\t\t\t\t\t\t\t\t\t\n<article id=\"post-11007\" class=\"blog-design-masonry blog-post-loop blog-style-flat  col-lg-6 col-md-6 col-sm-6 col-12 first  post-11007 post type-post status-publish format-standard has-post-thumbnail hentry category-noutati\">\n\t<div class=\"article-inner\">\n\t\t\t\t\t<header class=\"entry-header\">\n\t\t\t\t\t\t\t\t\t\n\t\t\t\t\t<figure id=\"carousel-856\" class=\"entry-thumbnail\" data-owl-carousel data-hide_pagination_control=\"yes\" data-desktop=\"1\" data-tablet=\"1\" data-tablet_landscape=\"1\" data-mobile=\"1\">\n\t\t\t\t\t\t\n\t\t\t\t\t\t\t<div class=\"post-img-wrapp\">\n\t\t\t\t\t\t\t\t<a href=\"https:\/\/asociatiacivica.ro\/noutati\/tinerii-bine-informati-de-azi-cetatenii-implicati-de-maine-tabara-de-educatie-media\/\">\n\t\t\t\t\t\t\t\t\t<img width=\"1040\" height=\"520\" src=\"https:\/\/asociatiacivica.ro\/wp-content\/uploads\/2023\/09\/abc-tabara-de-educatie-media_civica-1040x520-1.webp\" class=\"attachment-large size-large wp-image-11015\" alt=\"\" decoding=\"async\" loading=\"lazy\" srcset=\"https:\/\/asociatiacivica.ro\/wp-content\/uploads\/2023\/09\/abc-tabara-de-educatie-media_civica-1040x520-1.webp 1040w, https:\/\/asociatiacivica.ro\/wp-content\/uploads\/2023\/09\/abc-tabara-de-educatie-media_civica-1040x520-1-400x200.webp 400w, https:\/\/asociatiacivica.ro\/wp-content\/uploads\/2023\/09\/abc-tabara-de-educatie-media_civica-1040x520-1-768x384.webp 768w\" sizes=\"(max-width: 1040px) 100vw, 1040px\" \/>\t\t\t\t\t\t\t\t<\/a>\n\t\t\t\t\t\t\t<\/div>\n\t\t\t\t\t\t\t<div class=\"post-image-mask\">\n\t\t\t\t\t\t\t\t<span><\/span>\n\t\t\t\t\t\t\t<\/div>\n\n\t\t\t\t\t\t\n\t\t\t\t\t<\/figure>\n\t\t\t\t\n\t\t\t\t\t\t\t\t\t\t\t\t<div class=\"post-date wd-post-date wd-style-with-bg\" onclick=\"\">\n\t\t\t\t<span class=\"post-date-day\">\n\t\t\t\t\t28\t\t\t\t<\/span>\n\t\t\t\t<span class=\"post-date-month\">\n\t\t\t\t\taug.\t\t\t\t<\/span>\n\t\t\t<\/div>\n\t\t\t\t\t\t\n\t\t\t<\/header><!-- .entry-header -->\n\n\t\t<div class=\"article-body-container\">\n\t\t\t\n\t\t\t\t\t\t\t\t\t<div class=\"meta-categories-wrapp\"><div class=\"meta-post-categories wd-post-cat wd-style-with-bg\"><a href=\"https:\/\/asociatiacivica.ro\/category\/noutati\/\" rel=\"category tag\">Nout\u0103\u021bi<\/a><\/div><\/div>\n\t\t\t\t\n\t\t\t\t\t\t\t\t\t<h3 class=\"wd-entities-title title post-title\">\n\t\t\t\t\t\t<a href=\"https:\/\/asociatiacivica.ro\/noutati\/tinerii-bine-informati-de-azi-cetatenii-implicati-de-maine-tabara-de-educatie-media\/\" rel=\"bookmark\">Tinerii bine informa\u021bi de azi, cet\u0103\u021benii implica\u021bi de m\u00e2ine. Tab\u0103r\u0103 de educa\u021bie media<\/a>\n\t\t\t\t\t<\/h3>\n\t\t\t\t\n\t\t\t\t\t\t\t\t\t<div class=\"entry-meta wd-entry-meta\">\n\t\t\t\t\t\t\t\t\t<ul class=\"entry-meta-list\">\n\t\t\t\t\t\t\t\t\t<li class=\"modified-date\">\n\t\t\t\t\t\t\t\t<time class=\"updated\" datetime=\"2023-09-25T09:18:30+02:00\">\n\t\t\tseptembrie 25, 2023\t\t<\/time>\n\t\t\t\t\t\t\t<\/li>\n\n\t\t\t\t\t\n\t\t\t\t\t\t\t\t\t\t\t<li class=\"meta-author\">\n\t\t\t\t\t\t\t\t\t<span>\n\t\t\t\t\t\t\tDe\t\t\t\t\t<\/span>\n\n\t\t\t\t\t\t\t\n\t\t<a href=\"https:\/\/asociatiacivica.ro\/author\/admin\/\" rel=\"author\">\n\t\t\t<span class=\"vcard author author_name\">\n\t\t\t\t<span class=\"fn\">admin<\/span>\n\t\t\t<\/span>\n\t\t<\/a>\n\t\t\t\t\t\t\t\t<\/li>\n\t\t\t\t\t\n\t\t\t\t\t\n\t\t\t\t\t\t\t\t\t\t\t<li class=\"meta-reply\">\n\t\t\t\t\t\t\t<a href=\"https:\/\/asociatiacivica.ro\/noutati\/tinerii-bine-informati-de-azi-cetatenii-implicati-de-maine-tabara-de-educatie-media\/#comments\"><span class=\"replies-count\">1<\/span> <span class=\"replies-count-label\">comment<\/span><\/a>\t\t\t\t\t\t<\/li>\n\t\t\t\t\t\t\t\t\t\t\t\t<\/ul>\n\t\t\t\t\t\t\t<\/div><!-- .entry-meta -->\n\t\t\t\t\t\t\t\t\t\t\t<div class=\"hovered-social-icons wd-tltp wd-tltp-top\">\n\t\t\t\t\t\t\t<div class=\"wd-tooltip-label\">\n\t\t\t\t\t\t\t\t\n\t\t\t<div class=\"wd-social-icons icons-design-default icons-size-small color-scheme-light social-share social-form-circle text-center\">\n\n\t\t\t\t\n\t\t\t\t\t\t\t\t\t<a rel=\"noopener noreferrer nofollow\" href=\"https:\/\/www.facebook.com\/sharer\/sharer.php?u=https:\/\/asociatiacivica.ro\/noutati\/tinerii-bine-informati-de-azi-cetatenii-implicati-de-maine-tabara-de-educatie-media\/\" target=\"_blank\" class=\" wd-social-icon social-facebook\" aria-label=\"Facebook social link\">\n\t\t\t\t\t\t<span class=\"wd-icon\"><\/span>\n\t\t\t\t\t\t\t\t\t\t\t<\/a>\n\t\t\t\t\n\t\t\t\t\t\t\t\t\t<a rel=\"noopener noreferrer nofollow\" href=\"https:\/\/twitter.com\/share?url=https:\/\/asociatiacivica.ro\/noutati\/tinerii-bine-informati-de-azi-cetatenii-implicati-de-maine-tabara-de-educatie-media\/\" target=\"_blank\" class=\" wd-social-icon social-twitter\" aria-label=\"Twitter social link\">\n\t\t\t\t\t\t<span class=\"wd-icon\"><\/span>\n\t\t\t\t\t\t\t\t\t\t\t<\/a>\n\t\t\t\t\n\t\t\t\t\n\t\t\t\t\n\t\t\t\t\n\t\t\t\t\t\t\t\t\t<a rel=\"noopener noreferrer nofollow\" href=\"https:\/\/pinterest.com\/pin\/create\/button\/?url=https:\/\/asociatiacivica.ro\/noutati\/tinerii-bine-informati-de-azi-cetatenii-implicati-de-maine-tabara-de-educatie-media\/&media=https:\/\/asociatiacivica.ro\/wp-content\/uploads\/2023\/09\/abc-tabara-de-educatie-media_civica-1040x520-1.webp&description=Tinerii+bine+informa%C8%9Bi+de+azi%2C+cet%C4%83%C8%9Benii+implica%C8%9Bi+de+m%C3%A2ine.+Tab%C4%83r%C4%83+de+educa%C8%9Bie+media\" target=\"_blank\" class=\" wd-social-icon social-pinterest\" aria-label=\"Pinterest social link\">\n\t\t\t\t\t\t<span class=\"wd-icon\"><\/span>\n\t\t\t\t\t\t\t\t\t\t\t<\/a>\n\t\t\t\t\n\t\t\t\t\n\t\t\t\t\t\t\t\t\t<a rel=\"noopener noreferrer nofollow\" href=\"https:\/\/www.linkedin.com\/shareArticle?mini=true&url=https:\/\/asociatiacivica.ro\/noutati\/tinerii-bine-informati-de-azi-cetatenii-implicati-de-maine-tabara-de-educatie-media\/\" target=\"_blank\" class=\" wd-social-icon social-linkedin\" aria-label=\"Linkedin social link\">\n\t\t\t\t\t\t<span class=\"wd-icon\"><\/span>\n\t\t\t\t\t\t\t\t\t\t\t<\/a>\n\t\t\t\t\n\t\t\t\t\n\t\t\t\t\n\t\t\t\t\n\t\t\t\t\n\t\t\t\t\n\t\t\t\t\n\t\t\t\t\n\t\t\t\t\n\t\t\t\t\t\t\t\t\t<a rel=\"noopener noreferrer nofollow\" href=\"https:\/\/api.whatsapp.com\/send?text=https%3A%2F%2Fasociatiacivica.ro%2Fnoutati%2Ftinerii-bine-informati-de-azi-cetatenii-implicati-de-maine-tabara-de-educatie-media%2F\" target=\"_blank\" class=\"whatsapp-desktop  wd-social-icon social-whatsapp\" aria-label=\"WhatsApp social link\">\n\t\t\t\t\t\t<span class=\"wd-icon\"><\/span>\n\t\t\t\t\t\t\t\t\t\t\t<\/a>\n\t\t\t\t\t\n\t\t\t\t\t<a rel=\"noopener noreferrer nofollow\" href=\"whatsapp:\/\/send?text=https%3A%2F%2Fasociatiacivica.ro%2Fnoutati%2Ftinerii-bine-informati-de-azi-cetatenii-implicati-de-maine-tabara-de-educatie-media%2F\" target=\"_blank\" class=\"whatsapp-mobile  wd-social-icon social-whatsapp\" aria-label=\"WhatsApp social link\">\n\t\t\t\t\t\t<span class=\"wd-icon\"><\/span>\n\t\t\t\t\t\t\t\t\t\t\t<\/a>\n\t\t\t\t\n\t\t\t\t\t\t\t\t\n\t\t\t\t\t\t\t\t\n\t\t\t\t\n\t\t\t\t\t\t\t\t\t<a rel=\"noopener noreferrer nofollow\" href=\"https:\/\/telegram.me\/share\/url?url=https:\/\/asociatiacivica.ro\/noutati\/tinerii-bine-informati-de-azi-cetatenii-implicati-de-maine-tabara-de-educatie-media\/\" target=\"_blank\" class=\" wd-social-icon social-tg\" aria-label=\"Telegram social link\">\n\t\t\t\t\t\t<span class=\"wd-icon\"><\/span>\n\t\t\t\t\t\t\t\t\t\t\t<\/a>\n\t\t\t\t\t\t\t\t\n\t\t\t\t\n\t\t\t<\/div>\n\n\t\t\t\t\t\t\t\t\t<\/div>\n\t\t\t\t\t\t<\/div>\n\t\t\t\t\t\t\t\t\t\t\t\t\n\t\t\t\t\t\t\t<div class=\"entry-content wd-entry-content\">\n\t\t\t\t\t\u00cen perioada 21-23 august, la Pojor\u00e2ta (jud. Suceava), am desf\u0103\u0219urat o&nbsp;tab\u0103r\u0103 de educa\u021bie media&nbsp;la care au participat 21 de el...<p class=\"read-more-section\"><a class=\"btn-read-more more-link\" href=\"https:\/\/asociatiacivica.ro\/noutati\/tinerii-bine-informati-de-azi-cetatenii-implicati-de-maine-tabara-de-educatie-media\/\">Cite\u0219te mai multe<\/a><\/p>\t\t\t\t\t\t\t\t\t<\/div><!-- .entry-content -->\n\t\t\t\n\t\t\t\n\t\t\t\t\t<\/div>\n\t<\/div>\n<\/article><!-- #post -->\n\n\n\t\t\t\t\t\t\t\t\t\t\t\n<article id=\"post-10637\" class=\"blog-design-masonry blog-post-loop blog-style-flat  col-lg-6 col-md-6 col-sm-6 col-12 last  post-10637 post type-post status-publish format-standard has-post-thumbnail hentry category-noutati\">\n\t<div class=\"article-inner\">\n\t\t\t\t\t<header class=\"entry-header\">\n\t\t\t\t\t\t\t\t\t\n\t\t\t\t\t<figure id=\"carousel-431\" class=\"entry-thumbnail\" data-owl-carousel data-hide_pagination_control=\"yes\" data-desktop=\"1\" data-tablet=\"1\" data-tablet_landscape=\"1\" data-mobile=\"1\">\n\t\t\t\t\t\t\n\t\t\t\t\t\t\t<div class=\"post-img-wrapp\">\n\t\t\t\t\t\t\t\t<a href=\"https:\/\/asociatiacivica.ro\/noutati\/programul-pentru-implicare-si-inovare-civica\/\">\n\t\t\t\t\t\t\t\t\t<img width=\"1040\" height=\"585\" src=\"https:\/\/asociatiacivica.ro\/wp-content\/uploads\/2023\/07\/banner-site-piic-nou-1040x585-1.jpg\" class=\"attachment-large size-large wp-image-10646\" alt=\"\" decoding=\"async\" loading=\"lazy\" srcset=\"https:\/\/asociatiacivica.ro\/wp-content\/uploads\/2023\/07\/banner-site-piic-nou-1040x585-1.jpg 1040w, https:\/\/asociatiacivica.ro\/wp-content\/uploads\/2023\/07\/banner-site-piic-nou-1040x585-1-400x225.jpg 400w, https:\/\/asociatiacivica.ro\/wp-content\/uploads\/2023\/07\/banner-site-piic-nou-1040x585-1-768x432.jpg 768w, https:\/\/asociatiacivica.ro\/wp-content\/uploads\/2023\/07\/banner-site-piic-nou-1040x585-1-860x484.jpg 860w, https:\/\/asociatiacivica.ro\/wp-content\/uploads\/2023\/07\/banner-site-piic-nou-1040x585-1-430x242.jpg 430w, https:\/\/asociatiacivica.ro\/wp-content\/uploads\/2023\/07\/banner-site-piic-nou-1040x585-1-700x394.jpg 700w, https:\/\/asociatiacivica.ro\/wp-content\/uploads\/2023\/07\/banner-site-piic-nou-1040x585-1-150x84.jpg 150w\" sizes=\"(max-width: 1040px) 100vw, 1040px\" \/>\t\t\t\t\t\t\t\t<\/a>\n\t\t\t\t\t\t\t<\/div>\n\t\t\t\t\t\t\t<div class=\"post-image-mask\">\n\t\t\t\t\t\t\t\t<span><\/span>\n\t\t\t\t\t\t\t<\/div>\n\n\t\t\t\t\t\t\n\t\t\t\t\t<\/figure>\n\t\t\t\t\n\t\t\t\t\t\t\t\t\t\t\t\t<div class=\"post-date wd-post-date wd-style-with-bg\" onclick=\"\">\n\t\t\t\t<span class=\"post-date-day\">\n\t\t\t\t\t14\t\t\t\t<\/span>\n\t\t\t\t<span class=\"post-date-month\">\n\t\t\t\t\tiul.\t\t\t\t<\/span>\n\t\t\t<\/div>\n\t\t\t\t\t\t\n\t\t\t<\/header><!-- .entry-header -->\n\n\t\t<div class=\"article-body-container\">\n\t\t\t\n\t\t\t\t\t\t\t\t\t<div class=\"meta-categories-wrapp\"><div class=\"meta-post-categories wd-post-cat wd-style-with-bg\"><a href=\"https:\/\/asociatiacivica.ro\/category\/noutati\/\" rel=\"category tag\">Nout\u0103\u021bi<\/a><\/div><\/div>\n\t\t\t\t\n\t\t\t\t\t\t\t\t\t<h3 class=\"wd-entities-title title post-title\">\n\t\t\t\t\t\t<a href=\"https:\/\/asociatiacivica.ro\/noutati\/programul-pentru-implicare-si-inovare-civica\/\" rel=\"bookmark\">Programul pentru Implicare \u0219i Inovare Civic\u0103<\/a>\n\t\t\t\t\t<\/h3>\n\t\t\t\t\n\t\t\t\t\t\t\t\t\t<div class=\"entry-meta wd-entry-meta\">\n\t\t\t\t\t\t\t\t\t<ul class=\"entry-meta-list\">\n\t\t\t\t\t\t\t\t\t<li class=\"modified-date\">\n\t\t\t\t\t\t\t\t<time class=\"updated\" datetime=\"2023-10-13T19:02:25+02:00\">\n\t\t\toctombrie 13, 2023\t\t<\/time>\n\t\t\t\t\t\t\t<\/li>\n\n\t\t\t\t\t\n\t\t\t\t\t\t\t\t\t\t\t<li class=\"meta-author\">\n\t\t\t\t\t\t\t\t\t<span>\n\t\t\t\t\t\t\tDe\t\t\t\t\t<\/span>\n\n\t\t\t\t\t\t\t\n\t\t<a href=\"https:\/\/asociatiacivica.ro\/author\/admin\/\" rel=\"author\">\n\t\t\t<span class=\"vcard author author_name\">\n\t\t\t\t<span class=\"fn\">admin<\/span>\n\t\t\t<\/span>\n\t\t<\/a>\n\t\t\t\t\t\t\t\t<\/li>\n\t\t\t\t\t\n\t\t\t\t\t\n\t\t\t\t\t\t\t\t\t\t\t<li class=\"meta-reply\">\n\t\t\t\t\t\t\t<a href=\"https:\/\/asociatiacivica.ro\/noutati\/programul-pentru-implicare-si-inovare-civica\/#comments\"><span class=\"replies-count\">4<\/span> <span class=\"replies-count-label\">comments<\/span><\/a>\t\t\t\t\t\t<\/li>\n\t\t\t\t\t\t\t\t\t\t\t\t<\/ul>\n\t\t\t\t\t\t\t<\/div><!-- .entry-meta -->\n\t\t\t\t\t\t\t\t\t\t\t<div class=\"hovered-social-icons wd-tltp wd-tltp-top\">\n\t\t\t\t\t\t\t<div class=\"wd-tooltip-label\">\n\t\t\t\t\t\t\t\t\n\t\t\t<div class=\"wd-social-icons icons-design-default icons-size-small color-scheme-light social-share social-form-circle text-center\">\n\n\t\t\t\t\n\t\t\t\t\t\t\t\t\t<a rel=\"noopener noreferrer nofollow\" href=\"https:\/\/www.facebook.com\/sharer\/sharer.php?u=https:\/\/asociatiacivica.ro\/noutati\/programul-pentru-implicare-si-inovare-civica\/\" target=\"_blank\" class=\" wd-social-icon social-facebook\" aria-label=\"Facebook social link\">\n\t\t\t\t\t\t<span class=\"wd-icon\"><\/span>\n\t\t\t\t\t\t\t\t\t\t\t<\/a>\n\t\t\t\t\n\t\t\t\t\t\t\t\t\t<a rel=\"noopener noreferrer nofollow\" href=\"https:\/\/twitter.com\/share?url=https:\/\/asociatiacivica.ro\/noutati\/programul-pentru-implicare-si-inovare-civica\/\" target=\"_blank\" class=\" wd-social-icon social-twitter\" aria-label=\"Twitter social link\">\n\t\t\t\t\t\t<span class=\"wd-icon\"><\/span>\n\t\t\t\t\t\t\t\t\t\t\t<\/a>\n\t\t\t\t\n\t\t\t\t\n\t\t\t\t\n\t\t\t\t\n\t\t\t\t\t\t\t\t\t<a rel=\"noopener noreferrer nofollow\" href=\"https:\/\/pinterest.com\/pin\/create\/button\/?url=https:\/\/asociatiacivica.ro\/noutati\/programul-pentru-implicare-si-inovare-civica\/&media=https:\/\/asociatiacivica.ro\/wp-content\/uploads\/2023\/07\/banner-site-piic-nou-1040x585-1.jpg&description=Programul+pentru+Implicare+%C8%99i+Inovare+Civic%C4%83\" target=\"_blank\" class=\" wd-social-icon social-pinterest\" aria-label=\"Pinterest social link\">\n\t\t\t\t\t\t<span class=\"wd-icon\"><\/span>\n\t\t\t\t\t\t\t\t\t\t\t<\/a>\n\t\t\t\t\n\t\t\t\t\n\t\t\t\t\t\t\t\t\t<a rel=\"noopener noreferrer nofollow\" href=\"https:\/\/www.linkedin.com\/shareArticle?mini=true&url=https:\/\/asociatiacivica.ro\/noutati\/programul-pentru-implicare-si-inovare-civica\/\" target=\"_blank\" class=\" wd-social-icon social-linkedin\" aria-label=\"Linkedin social link\">\n\t\t\t\t\t\t<span class=\"wd-icon\"><\/span>\n\t\t\t\t\t\t\t\t\t\t\t<\/a>\n\t\t\t\t\n\t\t\t\t\n\t\t\t\t\n\t\t\t\t\n\t\t\t\t\n\t\t\t\t\n\t\t\t\t\n\t\t\t\t\n\t\t\t\t\n\t\t\t\t\t\t\t\t\t<a rel=\"noopener noreferrer nofollow\" href=\"https:\/\/api.whatsapp.com\/send?text=https%3A%2F%2Fasociatiacivica.ro%2Fnoutati%2Fprogramul-pentru-implicare-si-inovare-civica%2F\" target=\"_blank\" class=\"whatsapp-desktop  wd-social-icon social-whatsapp\" aria-label=\"WhatsApp social link\">\n\t\t\t\t\t\t<span class=\"wd-icon\"><\/span>\n\t\t\t\t\t\t\t\t\t\t\t<\/a>\n\t\t\t\t\t\n\t\t\t\t\t<a rel=\"noopener noreferrer nofollow\" href=\"whatsapp:\/\/send?text=https%3A%2F%2Fasociatiacivica.ro%2Fnoutati%2Fprogramul-pentru-implicare-si-inovare-civica%2F\" target=\"_blank\" class=\"whatsapp-mobile  wd-social-icon social-whatsapp\" aria-label=\"WhatsApp social link\">\n\t\t\t\t\t\t<span class=\"wd-icon\"><\/span>\n\t\t\t\t\t\t\t\t\t\t\t<\/a>\n\t\t\t\t\n\t\t\t\t\t\t\t\t\n\t\t\t\t\t\t\t\t\n\t\t\t\t\n\t\t\t\t\t\t\t\t\t<a rel=\"noopener noreferrer nofollow\" href=\"https:\/\/telegram.me\/share\/url?url=https:\/\/asociatiacivica.ro\/noutati\/programul-pentru-implicare-si-inovare-civica\/\" target=\"_blank\" class=\" wd-social-icon social-tg\" aria-label=\"Telegram social link\">\n\t\t\t\t\t\t<span class=\"wd-icon\"><\/span>\n\t\t\t\t\t\t\t\t\t\t\t<\/a>\n\t\t\t\t\t\t\t\t\n\t\t\t\t\n\t\t\t<\/div>\n\n\t\t\t\t\t\t\t\t\t<\/div>\n\t\t\t\t\t\t<\/div>\n\t\t\t\t\t\t\t\t\t\t\t\t\n\t\t\t\t\t\t\t<div class=\"entry-content wd-entry-content\">\n\t\t\t\t\tContextDemocra\u021bia nu \u00eenseamn\u0103 doar alegeri, ci \u0219i posibilitatea ca oamenii s\u0103-\u0219i fac\u0103 cunoscute nemul\u021bumirile, dorin\u021bele \u0219i s\u0103 fie auzi...<p class=\"read-more-section\"><a class=\"btn-read-more more-link\" href=\"https:\/\/asociatiacivica.ro\/noutati\/programul-pentru-implicare-si-inovare-civica\/\">Cite\u0219te mai multe<\/a><\/p>\t\t\t\t\t\t\t\t\t<\/div><!-- .entry-content -->\n\t\t\t\n\t\t\t\n\t\t\t\t\t<\/div>\n\t<\/div>\n<\/article><!-- #post -->\n\n\n\t\t\t\t\t\t\t\t\t\t\t\n<article id=\"post-11171\" class=\"blog-design-masonry blog-post-loop blog-style-flat  col-lg-6 col-md-6 col-sm-6 col-12 first  post-11171 post type-post status-publish format-standard has-post-thumbnail hentry category-noutati\">\n\t<div class=\"article-inner\">\n\t\t\t\t\t<header class=\"entry-header\">\n\t\t\t\t\t\t\t\t\t\n\t\t\t\t\t<figure id=\"carousel-341\" class=\"entry-thumbnail\" data-owl-carousel data-hide_pagination_control=\"yes\" data-desktop=\"1\" data-tablet=\"1\" data-tablet_landscape=\"1\" data-mobile=\"1\">\n\t\t\t\t\t\t\n\t\t\t\t\t\t\t<div class=\"post-img-wrapp\">\n\t\t\t\t\t\t\t\t<a href=\"https:\/\/asociatiacivica.ro\/noutati\/programul-ongteca-a-ajuns-la-final-rezultate-lectii-ganduri-spre-viitor\/\">\n\t\t\t\t\t\t\t\t\t<img width=\"1134\" height=\"800\" src=\"https:\/\/asociatiacivica.ro\/wp-content\/uploads\/2023\/10\/poza-reprezentativa-1134x800.png\" class=\"attachment-large size-large wp-image-11172\" alt=\"\" decoding=\"async\" loading=\"lazy\" srcset=\"https:\/\/asociatiacivica.ro\/wp-content\/uploads\/2023\/10\/poza-reprezentativa-1134x800.png 1134w, https:\/\/asociatiacivica.ro\/wp-content\/uploads\/2023\/10\/poza-reprezentativa-400x282.png 400w, https:\/\/asociatiacivica.ro\/wp-content\/uploads\/2023\/10\/poza-reprezentativa-768x542.png 768w, https:\/\/asociatiacivica.ro\/wp-content\/uploads\/2023\/10\/poza-reprezentativa.png 1366w\" sizes=\"(max-width: 1134px) 100vw, 1134px\" \/>\t\t\t\t\t\t\t\t<\/a>\n\t\t\t\t\t\t\t<\/div>\n\t\t\t\t\t\t\t<div class=\"post-image-mask\">\n\t\t\t\t\t\t\t\t<span><\/span>\n\t\t\t\t\t\t\t<\/div>\n\n\t\t\t\t\t\t\n\t\t\t\t\t<\/figure>\n\t\t\t\t\n\t\t\t\t\t\t\t\t\t\t\t\t<div class=\"post-date wd-post-date wd-style-with-bg\" onclick=\"\">\n\t\t\t\t<span class=\"post-date-day\">\n\t\t\t\t\t30\t\t\t\t<\/span>\n\t\t\t\t<span class=\"post-date-month\">\n\t\t\t\t\tiun.\t\t\t\t<\/span>\n\t\t\t<\/div>\n\t\t\t\t\t\t\n\t\t\t<\/header><!-- .entry-header -->\n\n\t\t<div class=\"article-body-container\">\n\t\t\t\n\t\t\t\t\t\t\t\t\t<div class=\"meta-categories-wrapp\"><div class=\"meta-post-categories wd-post-cat wd-style-with-bg\"><a href=\"https:\/\/asociatiacivica.ro\/category\/noutati\/\" rel=\"category tag\">Nout\u0103\u021bi<\/a><\/div><\/div>\n\t\t\t\t\n\t\t\t\t\t\t\t\t\t<h3 class=\"wd-entities-title title post-title\">\n\t\t\t\t\t\t<a href=\"https:\/\/asociatiacivica.ro\/noutati\/programul-ongteca-a-ajuns-la-final-rezultate-lectii-ganduri-spre-viitor\/\" rel=\"bookmark\">Programul ONGteca a ajuns la final: rezultate, lec\u021bii, g\u00e2nduri spre viitor<\/a>\n\t\t\t\t\t<\/h3>\n\t\t\t\t\n\t\t\t\t\t\t\t\t\t<div class=\"entry-meta wd-entry-meta\">\n\t\t\t\t\t\t\t\t\t<ul class=\"entry-meta-list\">\n\t\t\t\t\t\t\t\t\t<li class=\"modified-date\">\n\t\t\t\t\t\t\t\t<time class=\"updated\" datetime=\"2023-10-16T10:26:54+02:00\">\n\t\t\toctombrie 16, 2023\t\t<\/time>\n\t\t\t\t\t\t\t<\/li>\n\n\t\t\t\t\t\n\t\t\t\t\t\t\t\t\t\t\t<li class=\"meta-author\">\n\t\t\t\t\t\t\t\t\t<span>\n\t\t\t\t\t\t\tDe\t\t\t\t\t<\/span>\n\n\t\t\t\t\t\t\t\n\t\t<a href=\"https:\/\/asociatiacivica.ro\/author\/admin\/\" rel=\"author\">\n\t\t\t<span class=\"vcard author author_name\">\n\t\t\t\t<span class=\"fn\">admin<\/span>\n\t\t\t<\/span>\n\t\t<\/a>\n\t\t\t\t\t\t\t\t<\/li>\n\t\t\t\t\t\n\t\t\t\t\t\n\t\t\t\t\t\t\t\t\t\t\t<li class=\"meta-reply\">\n\t\t\t\t\t\t\t<a href=\"https:\/\/asociatiacivica.ro\/noutati\/programul-ongteca-a-ajuns-la-final-rezultate-lectii-ganduri-spre-viitor\/#comments\"><span class=\"replies-count\">2<\/span> <span class=\"replies-count-label\">comments<\/span><\/a>\t\t\t\t\t\t<\/li>\n\t\t\t\t\t\t\t\t\t\t\t\t<\/ul>\n\t\t\t\t\t\t\t<\/div><!-- .entry-meta -->\n\t\t\t\t\t\t\t\t\t\t\t<div class=\"hovered-social-icons wd-tltp wd-tltp-top\">\n\t\t\t\t\t\t\t<div class=\"wd-tooltip-label\">\n\t\t\t\t\t\t\t\t\n\t\t\t<div class=\"wd-social-icons icons-design-default icons-size-small color-scheme-light social-share social-form-circle text-center\">\n\n\t\t\t\t\n\t\t\t\t\t\t\t\t\t<a rel=\"noopener noreferrer nofollow\" href=\"https:\/\/www.facebook.com\/sharer\/sharer.php?u=https:\/\/asociatiacivica.ro\/noutati\/programul-ongteca-a-ajuns-la-final-rezultate-lectii-ganduri-spre-viitor\/\" target=\"_blank\" class=\" wd-social-icon social-facebook\" aria-label=\"Facebook social link\">\n\t\t\t\t\t\t<span class=\"wd-icon\"><\/span>\n\t\t\t\t\t\t\t\t\t\t\t<\/a>\n\t\t\t\t\n\t\t\t\t\t\t\t\t\t<a rel=\"noopener noreferrer nofollow\" href=\"https:\/\/twitter.com\/share?url=https:\/\/asociatiacivica.ro\/noutati\/programul-ongteca-a-ajuns-la-final-rezultate-lectii-ganduri-spre-viitor\/\" target=\"_blank\" class=\" wd-social-icon social-twitter\" aria-label=\"Twitter social link\">\n\t\t\t\t\t\t<span class=\"wd-icon\"><\/span>\n\t\t\t\t\t\t\t\t\t\t\t<\/a>\n\t\t\t\t\n\t\t\t\t\n\t\t\t\t\n\t\t\t\t\n\t\t\t\t\t\t\t\t\t<a rel=\"noopener noreferrer nofollow\" href=\"https:\/\/pinterest.com\/pin\/create\/button\/?url=https:\/\/asociatiacivica.ro\/noutati\/programul-ongteca-a-ajuns-la-final-rezultate-lectii-ganduri-spre-viitor\/&media=https:\/\/asociatiacivica.ro\/wp-content\/uploads\/2023\/10\/poza-reprezentativa.png&description=Programul+ONGteca+a+ajuns+la+final%3A+rezultate%2C+lec%C8%9Bii%2C+g%C3%A2nduri+spre+viitor\" target=\"_blank\" class=\" wd-social-icon social-pinterest\" aria-label=\"Pinterest social link\">\n\t\t\t\t\t\t<span class=\"wd-icon\"><\/span>\n\t\t\t\t\t\t\t\t\t\t\t<\/a>\n\t\t\t\t\n\t\t\t\t\n\t\t\t\t\t\t\t\t\t<a rel=\"noopener noreferrer nofollow\" href=\"https:\/\/www.linkedin.com\/shareArticle?mini=true&url=https:\/\/asociatiacivica.ro\/noutati\/programul-ongteca-a-ajuns-la-final-rezultate-lectii-ganduri-spre-viitor\/\" target=\"_blank\" class=\" wd-social-icon social-linkedin\" aria-label=\"Linkedin social link\">\n\t\t\t\t\t\t<span class=\"wd-icon\"><\/span>\n\t\t\t\t\t\t\t\t\t\t\t<\/a>\n\t\t\t\t\n\t\t\t\t\n\t\t\t\t\n\t\t\t\t\n\t\t\t\t\n\t\t\t\t\n\t\t\t\t\n\t\t\t\t\n\t\t\t\t\n\t\t\t\t\t\t\t\t\t<a rel=\"noopener noreferrer nofollow\" href=\"https:\/\/api.whatsapp.com\/send?text=https%3A%2F%2Fasociatiacivica.ro%2Fnoutati%2Fprogramul-ongteca-a-ajuns-la-final-rezultate-lectii-ganduri-spre-viitor%2F\" target=\"_blank\" class=\"whatsapp-desktop  wd-social-icon social-whatsapp\" aria-label=\"WhatsApp social link\">\n\t\t\t\t\t\t<span class=\"wd-icon\"><\/span>\n\t\t\t\t\t\t\t\t\t\t\t<\/a>\n\t\t\t\t\t\n\t\t\t\t\t<a rel=\"noopener noreferrer nofollow\" href=\"whatsapp:\/\/send?text=https%3A%2F%2Fasociatiacivica.ro%2Fnoutati%2Fprogramul-ongteca-a-ajuns-la-final-rezultate-lectii-ganduri-spre-viitor%2F\" target=\"_blank\" class=\"whatsapp-mobile  wd-social-icon social-whatsapp\" aria-label=\"WhatsApp social link\">\n\t\t\t\t\t\t<span class=\"wd-icon\"><\/span>\n\t\t\t\t\t\t\t\t\t\t\t<\/a>\n\t\t\t\t\n\t\t\t\t\t\t\t\t\n\t\t\t\t\t\t\t\t\n\t\t\t\t\n\t\t\t\t\t\t\t\t\t<a rel=\"noopener noreferrer nofollow\" href=\"https:\/\/telegram.me\/share\/url?url=https:\/\/asociatiacivica.ro\/noutati\/programul-ongteca-a-ajuns-la-final-rezultate-lectii-ganduri-spre-viitor\/\" target=\"_blank\" class=\" wd-social-icon social-tg\" aria-label=\"Telegram social link\">\n\t\t\t\t\t\t<span class=\"wd-icon\"><\/span>\n\t\t\t\t\t\t\t\t\t\t\t<\/a>\n\t\t\t\t\t\t\t\t\n\t\t\t\t\n\t\t\t<\/div>\n\n\t\t\t\t\t\t\t\t\t<\/div>\n\t\t\t\t\t\t<\/div>\n\t\t\t\t\t\t\t\t\t\t\t\t\n\t\t\t\t\t\t\t<div class=\"entry-content wd-entry-content\">\n\t\t\t\t\t \t\t\t\t\t\n\t\t\tPe 28 iulie 2023 a avut loc conferin\u021ba de \u00eenchidere a proiectului ONGteca. \u00cempreun\u0103 cu echipa proiectului (Funda\u021bia Serviciil...<p class=\"read-more-section\"><a class=\"btn-read-more more-link\" href=\"https:\/\/asociatiacivica.ro\/noutati\/programul-ongteca-a-ajuns-la-final-rezultate-lectii-ganduri-spre-viitor\/\">Cite\u0219te mai multe<\/a><\/p>\t\t\t\t\t\t\t\t\t<\/div><!-- .entry-content -->\n\t\t\t\n\t\t\t\n\t\t\t\t\t<\/div>\n\t<\/div>\n<\/article><!-- #post -->\n\n\n\t\t\t\t\t\t\t\t\t\t\t\n<article id=\"post-2821\" class=\"blog-design-masonry blog-post-loop blog-style-flat  col-lg-6 col-md-6 col-sm-6 col-12 last  post-2821 post type-post status-publish format-standard has-post-thumbnail hentry category-noutati\">\n\t<div class=\"article-inner\">\n\t\t\t\t\t<header class=\"entry-header\">\n\t\t\t\t\t\t\t\t\t\n\t\t\t\t\t<figure id=\"carousel-151\" class=\"entry-thumbnail\" data-owl-carousel data-hide_pagination_control=\"yes\" data-desktop=\"1\" data-tablet=\"1\" data-tablet_landscape=\"1\" data-mobile=\"1\">\n\t\t\t\t\t\t\n\t\t\t\t\t\t\t<div class=\"post-img-wrapp\">\n\t\t\t\t\t\t\t\t<a href=\"https:\/\/asociatiacivica.ro\/noutati\/kokoro-armonie-dezvoltare-emotionala\/\">\n\t\t\t\t\t\t\t\t\t<img width=\"1040\" height=\"734\" src=\"https:\/\/asociatiacivica.ro\/wp-content\/uploads\/2022\/12\/banner-kokoro-1040x734-1.webp\" class=\"attachment-large size-large wp-image-10988\" alt=\"\" decoding=\"async\" loading=\"lazy\" srcset=\"https:\/\/asociatiacivica.ro\/wp-content\/uploads\/2022\/12\/banner-kokoro-1040x734-1.webp 1040w, https:\/\/asociatiacivica.ro\/wp-content\/uploads\/2022\/12\/banner-kokoro-1040x734-1-400x282.webp 400w, https:\/\/asociatiacivica.ro\/wp-content\/uploads\/2022\/12\/banner-kokoro-1040x734-1-768x542.webp 768w\" sizes=\"(max-width: 1040px) 100vw, 1040px\" \/>\t\t\t\t\t\t\t\t<\/a>\n\t\t\t\t\t\t\t<\/div>\n\t\t\t\t\t\t\t<div class=\"post-image-mask\">\n\t\t\t\t\t\t\t\t<span><\/span>\n\t\t\t\t\t\t\t<\/div>\n\n\t\t\t\t\t\t\n\t\t\t\t\t<\/figure>\n\t\t\t\t\n\t\t\t\t\t\t\t\t\t\t\t\t<div class=\"post-date wd-post-date wd-style-with-bg\" onclick=\"\">\n\t\t\t\t<span class=\"post-date-day\">\n\t\t\t\t\t25\t\t\t\t<\/span>\n\t\t\t\t<span class=\"post-date-month\">\n\t\t\t\t\tmai\t\t\t\t<\/span>\n\t\t\t<\/div>\n\t\t\t\t\t\t\n\t\t\t<\/header><!-- .entry-header -->\n\n\t\t<div class=\"article-body-container\">\n\t\t\t\n\t\t\t\t\t\t\t\t\t<div class=\"meta-categories-wrapp\"><div class=\"meta-post-categories wd-post-cat wd-style-with-bg\"><a href=\"https:\/\/asociatiacivica.ro\/category\/noutati\/\" rel=\"category tag\">Nout\u0103\u021bi<\/a><\/div><\/div>\n\t\t\t\t\n\t\t\t\t\t\t\t\t\t<h3 class=\"wd-entities-title title post-title\">\n\t\t\t\t\t\t<a href=\"https:\/\/asociatiacivica.ro\/noutati\/kokoro-armonie-dezvoltare-emotionala\/\" rel=\"bookmark\">ONGteca prezint\u0103: Kokoro\/Armonie &#8211; preocupare pentru dezvoltare personal\u0103<\/a>\n\t\t\t\t\t<\/h3>\n\t\t\t\t\n\t\t\t\t\t\t\t\t\t<div class=\"entry-meta wd-entry-meta\">\n\t\t\t\t\t\t\t\t\t<ul class=\"entry-meta-list\">\n\t\t\t\t\t\t\t\t\t<li class=\"modified-date\">\n\t\t\t\t\t\t\t\t<time class=\"updated\" datetime=\"2023-09-08T10:38:05+02:00\">\n\t\t\tseptembrie 8, 2023\t\t<\/time>\n\t\t\t\t\t\t\t<\/li>\n\n\t\t\t\t\t\n\t\t\t\t\t\t\t\t\t\t\t<li class=\"meta-author\">\n\t\t\t\t\t\t\t\t\t<span>\n\t\t\t\t\t\t\tDe\t\t\t\t\t<\/span>\n\n\t\t\t\t\t\t\t\n\t\t<a href=\"https:\/\/asociatiacivica.ro\/author\/admin\/\" rel=\"author\">\n\t\t\t<span class=\"vcard author author_name\">\n\t\t\t\t<span class=\"fn\">admin<\/span>\n\t\t\t<\/span>\n\t\t<\/a>\n\t\t\t\t\t\t\t\t<\/li>\n\t\t\t\t\t\n\t\t\t\t\t\n\t\t\t\t\t\t\t\t\t\t\t<li class=\"meta-reply\">\n\t\t\t\t\t\t\t<a href=\"https:\/\/asociatiacivica.ro\/noutati\/kokoro-armonie-dezvoltare-emotionala\/#respond\"><span class=\"replies-count\">0<\/span> <span class=\"replies-count-label\">comments<\/span><\/a>\t\t\t\t\t\t<\/li>\n\t\t\t\t\t\t\t\t\t\t\t\t<\/ul>\n\t\t\t\t\t\t\t<\/div><!-- .entry-meta -->\n\t\t\t\t\t\t\t\t\t\t\t<div class=\"hovered-social-icons wd-tltp wd-tltp-top\">\n\t\t\t\t\t\t\t<div class=\"wd-tooltip-label\">\n\t\t\t\t\t\t\t\t\n\t\t\t<div class=\"wd-social-icons icons-design-default icons-size-small color-scheme-light social-share social-form-circle text-center\">\n\n\t\t\t\t\n\t\t\t\t\t\t\t\t\t<a rel=\"noopener noreferrer nofollow\" href=\"https:\/\/www.facebook.com\/sharer\/sharer.php?u=https:\/\/asociatiacivica.ro\/noutati\/kokoro-armonie-dezvoltare-emotionala\/\" target=\"_blank\" class=\" wd-social-icon social-facebook\" aria-label=\"Facebook social link\">\n\t\t\t\t\t\t<span class=\"wd-icon\"><\/span>\n\t\t\t\t\t\t\t\t\t\t\t<\/a>\n\t\t\t\t\n\t\t\t\t\t\t\t\t\t<a rel=\"noopener noreferrer nofollow\" href=\"https:\/\/twitter.com\/share?url=https:\/\/asociatiacivica.ro\/noutati\/kokoro-armonie-dezvoltare-emotionala\/\" target=\"_blank\" class=\" wd-social-icon social-twitter\" aria-label=\"Twitter social link\">\n\t\t\t\t\t\t<span class=\"wd-icon\"><\/span>\n\t\t\t\t\t\t\t\t\t\t\t<\/a>\n\t\t\t\t\n\t\t\t\t\n\t\t\t\t\n\t\t\t\t\n\t\t\t\t\t\t\t\t\t<a rel=\"noopener noreferrer nofollow\" href=\"https:\/\/pinterest.com\/pin\/create\/button\/?url=https:\/\/asociatiacivica.ro\/noutati\/kokoro-armonie-dezvoltare-emotionala\/&media=https:\/\/asociatiacivica.ro\/wp-content\/uploads\/2022\/12\/banner-kokoro-1040x734-1.webp&description=ONGteca+prezint%C4%83%3A+Kokoro%2FArmonie+%26%238211%3B+preocupare+pentru+dezvoltare+personal%C4%83\" target=\"_blank\" class=\" wd-social-icon social-pinterest\" aria-label=\"Pinterest social link\">\n\t\t\t\t\t\t<span class=\"wd-icon\"><\/span>\n\t\t\t\t\t\t\t\t\t\t\t<\/a>\n\t\t\t\t\n\t\t\t\t\n\t\t\t\t\t\t\t\t\t<a rel=\"noopener noreferrer nofollow\" href=\"https:\/\/www.linkedin.com\/shareArticle?mini=true&url=https:\/\/asociatiacivica.ro\/noutati\/kokoro-armonie-dezvoltare-emotionala\/\" target=\"_blank\" class=\" wd-social-icon social-linkedin\" aria-label=\"Linkedin social link\">\n\t\t\t\t\t\t<span class=\"wd-icon\"><\/span>\n\t\t\t\t\t\t\t\t\t\t\t<\/a>\n\t\t\t\t\n\t\t\t\t\n\t\t\t\t\n\t\t\t\t\n\t\t\t\t\n\t\t\t\t\n\t\t\t\t\n\t\t\t\t\n\t\t\t\t\n\t\t\t\t\t\t\t\t\t<a rel=\"noopener noreferrer nofollow\" href=\"https:\/\/api.whatsapp.com\/send?text=https%3A%2F%2Fasociatiacivica.ro%2Fnoutati%2Fkokoro-armonie-dezvoltare-emotionala%2F\" target=\"_blank\" class=\"whatsapp-desktop  wd-social-icon social-whatsapp\" aria-label=\"WhatsApp social link\">\n\t\t\t\t\t\t<span class=\"wd-icon\"><\/span>\n\t\t\t\t\t\t\t\t\t\t\t<\/a>\n\t\t\t\t\t\n\t\t\t\t\t<a rel=\"noopener noreferrer nofollow\" href=\"whatsapp:\/\/send?text=https%3A%2F%2Fasociatiacivica.ro%2Fnoutati%2Fkokoro-armonie-dezvoltare-emotionala%2F\" target=\"_blank\" class=\"whatsapp-mobile  wd-social-icon social-whatsapp\" aria-label=\"WhatsApp social link\">\n\t\t\t\t\t\t<span class=\"wd-icon\"><\/span>\n\t\t\t\t\t\t\t\t\t\t\t<\/a>\n\t\t\t\t\n\t\t\t\t\t\t\t\t\n\t\t\t\t\t\t\t\t\n\t\t\t\t\n\t\t\t\t\t\t\t\t\t<a rel=\"noopener noreferrer nofollow\" href=\"https:\/\/telegram.me\/share\/url?url=https:\/\/asociatiacivica.ro\/noutati\/kokoro-armonie-dezvoltare-emotionala\/\" target=\"_blank\" class=\" wd-social-icon social-tg\" aria-label=\"Telegram social link\">\n\t\t\t\t\t\t<span class=\"wd-icon\"><\/span>\n\t\t\t\t\t\t\t\t\t\t\t<\/a>\n\t\t\t\t\t\t\t\t\n\t\t\t\t\n\t\t\t<\/div>\n\n\t\t\t\t\t\t\t\t\t<\/div>\n\t\t\t\t\t\t<\/div>\n\t\t\t\t\t\t\t\t\t\t\t\t\n\t\t\t\t\t\t\t<div class=\"entry-content wd-entry-content\">\n\t\t\t\t\tScopul proiectului\u00a0ONGteca\u00a0este de a cre\u0219te capacitatea, sustenabilitatea \u015fi poten\u0163ialul de inovare a organiza\u021biilor neguvernamentale d...<p class=\"read-more-section\"><a class=\"btn-read-more more-link\" href=\"https:\/\/asociatiacivica.ro\/noutati\/kokoro-armonie-dezvoltare-emotionala\/\">Cite\u0219te mai multe<\/a><\/p>\t\t\t\t\t\t\t\t\t<\/div><!-- .entry-content -->\n\t\t\t\n\t\t\t\n\t\t\t\t\t<\/div>\n\t<\/div>\n<\/article><!-- #post -->\n\n\n\t\t\t\t\t\t\t\t\t\t\t\n<article id=\"post-2800\" class=\"blog-design-masonry blog-post-loop blog-style-flat  col-lg-6 col-md-6 col-sm-6 col-12 first  post-2800 post type-post status-publish format-standard has-post-thumbnail hentry category-noutati\">\n\t<div class=\"article-inner\">\n\t\t\t\t\t<header class=\"entry-header\">\n\t\t\t\t\t\t\t\t\t\n\t\t\t\t\t<figure id=\"carousel-886\" class=\"entry-thumbnail\" data-owl-carousel data-hide_pagination_control=\"yes\" data-desktop=\"1\" data-tablet=\"1\" data-tablet_landscape=\"1\" data-mobile=\"1\">\n\t\t\t\t\t\t\n\t\t\t\t\t\t\t<div class=\"post-img-wrapp\">\n\t\t\t\t\t\t\t\t<a href=\"https:\/\/asociatiacivica.ro\/noutati\/targul-de-initiative-civice-de-la-iasi-va-avea-loc-pe-6-mai\/\">\n\t\t\t\t\t\t\t\t\t<img width=\"1040\" height=\"545\" src=\"https:\/\/asociatiacivica.ro\/wp-content\/uploads\/2022\/12\/facebook_cover_photo_1920x1005-nou-1040x545-1.webp\" class=\"attachment-large size-large wp-image-10982\" alt=\"\" decoding=\"async\" loading=\"lazy\" srcset=\"https:\/\/asociatiacivica.ro\/wp-content\/uploads\/2022\/12\/facebook_cover_photo_1920x1005-nou-1040x545-1.webp 1040w, https:\/\/asociatiacivica.ro\/wp-content\/uploads\/2022\/12\/facebook_cover_photo_1920x1005-nou-1040x545-1-400x210.webp 400w, https:\/\/asociatiacivica.ro\/wp-content\/uploads\/2022\/12\/facebook_cover_photo_1920x1005-nou-1040x545-1-768x402.webp 768w\" sizes=\"(max-width: 1040px) 100vw, 1040px\" \/>\t\t\t\t\t\t\t\t<\/a>\n\t\t\t\t\t\t\t<\/div>\n\t\t\t\t\t\t\t<div class=\"post-image-mask\">\n\t\t\t\t\t\t\t\t<span><\/span>\n\t\t\t\t\t\t\t<\/div>\n\n\t\t\t\t\t\t\n\t\t\t\t\t<\/figure>\n\t\t\t\t\n\t\t\t\t\t\t\t\t\t\t\t\t<div class=\"post-date wd-post-date wd-style-with-bg\" onclick=\"\">\n\t\t\t\t<span class=\"post-date-day\">\n\t\t\t\t\t02\t\t\t\t<\/span>\n\t\t\t\t<span class=\"post-date-month\">\n\t\t\t\t\tmai\t\t\t\t<\/span>\n\t\t\t<\/div>\n\t\t\t\t\t\t\n\t\t\t<\/header><!-- .entry-header -->\n\n\t\t<div class=\"article-body-container\">\n\t\t\t\n\t\t\t\t\t\t\t\t\t<div class=\"meta-categories-wrapp\"><div class=\"meta-post-categories wd-post-cat wd-style-with-bg\"><a href=\"https:\/\/asociatiacivica.ro\/category\/noutati\/\" rel=\"category tag\">Nout\u0103\u021bi<\/a><\/div><\/div>\n\t\t\t\t\n\t\t\t\t\t\t\t\t\t<h3 class=\"wd-entities-title title post-title\">\n\t\t\t\t\t\t<a href=\"https:\/\/asociatiacivica.ro\/noutati\/targul-de-initiative-civice-de-la-iasi-va-avea-loc-pe-6-mai\/\" rel=\"bookmark\">T\u00e2rgul de ini\u021biative civice de la Ia\u0219i va avea loc pe 6 mai<\/a>\n\t\t\t\t\t<\/h3>\n\t\t\t\t\n\t\t\t\t\t\t\t\t\t<div class=\"entry-meta wd-entry-meta\">\n\t\t\t\t\t\t\t\t\t<ul class=\"entry-meta-list\">\n\t\t\t\t\t\t\t\t\t<li class=\"modified-date\">\n\t\t\t\t\t\t\t\t<time class=\"updated\" datetime=\"2023-09-08T10:37:56+02:00\">\n\t\t\tseptembrie 8, 2023\t\t<\/time>\n\t\t\t\t\t\t\t<\/li>\n\n\t\t\t\t\t\n\t\t\t\t\t\t\t\t\t\t\t<li class=\"meta-author\">\n\t\t\t\t\t\t\t\t\t<span>\n\t\t\t\t\t\t\tDe\t\t\t\t\t<\/span>\n\n\t\t\t\t\t\t\t\n\t\t<a href=\"https:\/\/asociatiacivica.ro\/author\/admin\/\" rel=\"author\">\n\t\t\t<span class=\"vcard author author_name\">\n\t\t\t\t<span class=\"fn\">admin<\/span>\n\t\t\t<\/span>\n\t\t<\/a>\n\t\t\t\t\t\t\t\t<\/li>\n\t\t\t\t\t\n\t\t\t\t\t\n\t\t\t\t\t\t\t\t\t\t\t<li class=\"meta-reply\">\n\t\t\t\t\t\t\t<a href=\"https:\/\/asociatiacivica.ro\/noutati\/targul-de-initiative-civice-de-la-iasi-va-avea-loc-pe-6-mai\/#comments\"><span class=\"replies-count\">1<\/span> <span class=\"replies-count-label\">comment<\/span><\/a>\t\t\t\t\t\t<\/li>\n\t\t\t\t\t\t\t\t\t\t\t\t<\/ul>\n\t\t\t\t\t\t\t<\/div><!-- .entry-meta -->\n\t\t\t\t\t\t\t\t\t\t\t<div class=\"hovered-social-icons wd-tltp wd-tltp-top\">\n\t\t\t\t\t\t\t<div class=\"wd-tooltip-label\">\n\t\t\t\t\t\t\t\t\n\t\t\t<div class=\"wd-social-icons icons-design-default icons-size-small color-scheme-light social-share social-form-circle text-center\">\n\n\t\t\t\t\n\t\t\t\t\t\t\t\t\t<a rel=\"noopener noreferrer nofollow\" href=\"https:\/\/www.facebook.com\/sharer\/sharer.php?u=https:\/\/asociatiacivica.ro\/noutati\/targul-de-initiative-civice-de-la-iasi-va-avea-loc-pe-6-mai\/\" target=\"_blank\" class=\" wd-social-icon social-facebook\" aria-label=\"Facebook social link\">\n\t\t\t\t\t\t<span class=\"wd-icon\"><\/span>\n\t\t\t\t\t\t\t\t\t\t\t<\/a>\n\t\t\t\t\n\t\t\t\t\t\t\t\t\t<a rel=\"noopener noreferrer nofollow\" href=\"https:\/\/twitter.com\/share?url=https:\/\/asociatiacivica.ro\/noutati\/targul-de-initiative-civice-de-la-iasi-va-avea-loc-pe-6-mai\/\" target=\"_blank\" class=\" wd-social-icon social-twitter\" aria-label=\"Twitter social link\">\n\t\t\t\t\t\t<span class=\"wd-icon\"><\/span>\n\t\t\t\t\t\t\t\t\t\t\t<\/a>\n\t\t\t\t\n\t\t\t\t\n\t\t\t\t\n\t\t\t\t\n\t\t\t\t\t\t\t\t\t<a rel=\"noopener noreferrer nofollow\" href=\"https:\/\/pinterest.com\/pin\/create\/button\/?url=https:\/\/asociatiacivica.ro\/noutati\/targul-de-initiative-civice-de-la-iasi-va-avea-loc-pe-6-mai\/&media=https:\/\/asociatiacivica.ro\/wp-content\/uploads\/2022\/12\/facebook_cover_photo_1920x1005-nou-1040x545-1.webp&description=T%C3%A2rgul+de+ini%C8%9Biative+civice+de+la+Ia%C8%99i+va+avea+loc+pe+6+mai\" target=\"_blank\" class=\" wd-social-icon social-pinterest\" aria-label=\"Pinterest social link\">\n\t\t\t\t\t\t<span class=\"wd-icon\"><\/span>\n\t\t\t\t\t\t\t\t\t\t\t<\/a>\n\t\t\t\t\n\t\t\t\t\n\t\t\t\t\t\t\t\t\t<a rel=\"noopener noreferrer nofollow\" href=\"https:\/\/www.linkedin.com\/shareArticle?mini=true&url=https:\/\/asociatiacivica.ro\/noutati\/targul-de-initiative-civice-de-la-iasi-va-avea-loc-pe-6-mai\/\" target=\"_blank\" class=\" wd-social-icon social-linkedin\" aria-label=\"Linkedin social link\">\n\t\t\t\t\t\t<span class=\"wd-icon\"><\/span>\n\t\t\t\t\t\t\t\t\t\t\t<\/a>\n\t\t\t\t\n\t\t\t\t\n\t\t\t\t\n\t\t\t\t\n\t\t\t\t\n\t\t\t\t\n\t\t\t\t\n\t\t\t\t\n\t\t\t\t\n\t\t\t\t\t\t\t\t\t<a rel=\"noopener noreferrer nofollow\" href=\"https:\/\/api.whatsapp.com\/send?text=https%3A%2F%2Fasociatiacivica.ro%2Fnoutati%2Ftargul-de-initiative-civice-de-la-iasi-va-avea-loc-pe-6-mai%2F\" target=\"_blank\" class=\"whatsapp-desktop  wd-social-icon social-whatsapp\" aria-label=\"WhatsApp social link\">\n\t\t\t\t\t\t<span class=\"wd-icon\"><\/span>\n\t\t\t\t\t\t\t\t\t\t\t<\/a>\n\t\t\t\t\t\n\t\t\t\t\t<a rel=\"noopener noreferrer nofollow\" href=\"whatsapp:\/\/send?text=https%3A%2F%2Fasociatiacivica.ro%2Fnoutati%2Ftargul-de-initiative-civice-de-la-iasi-va-avea-loc-pe-6-mai%2F\" target=\"_blank\" class=\"whatsapp-mobile  wd-social-icon social-whatsapp\" aria-label=\"WhatsApp social link\">\n\t\t\t\t\t\t<span class=\"wd-icon\"><\/span>\n\t\t\t\t\t\t\t\t\t\t\t<\/a>\n\t\t\t\t\n\t\t\t\t\t\t\t\t\n\t\t\t\t\t\t\t\t\n\t\t\t\t\n\t\t\t\t\t\t\t\t\t<a rel=\"noopener noreferrer nofollow\" href=\"https:\/\/telegram.me\/share\/url?url=https:\/\/asociatiacivica.ro\/noutati\/targul-de-initiative-civice-de-la-iasi-va-avea-loc-pe-6-mai\/\" target=\"_blank\" class=\" wd-social-icon social-tg\" aria-label=\"Telegram social link\">\n\t\t\t\t\t\t<span class=\"wd-icon\"><\/span>\n\t\t\t\t\t\t\t\t\t\t\t<\/a>\n\t\t\t\t\t\t\t\t\n\t\t\t\t\n\t\t\t<\/div>\n\n\t\t\t\t\t\t\t\t\t<\/div>\n\t\t\t\t\t\t<\/div>\n\t\t\t\t\t\t\t\t\t\t\t\t\n\t\t\t\t\t\t\t<div class=\"entry-content wd-entry-content\">\n\t\t\t\t\t\u00cempreun\u0103 cu CeRe organiz\u0103m la Ia\u0219i, pe 6 mai, T\u00e2rgul de ini\u021biative civice. Evenimentul va avea loc la\u00a0Casa de Cultur\u0103 a Studen\u021bilor (\u00een...<p class=\"read-more-section\"><a class=\"btn-read-more more-link\" href=\"https:\/\/asociatiacivica.ro\/noutati\/targul-de-initiative-civice-de-la-iasi-va-avea-loc-pe-6-mai\/\">Cite\u0219te mai multe<\/a><\/p>\t\t\t\t\t\t\t\t\t<\/div><!-- .entry-content -->\n\t\t\t\n\t\t\t\n\t\t\t\t\t<\/div>\n\t<\/div>\n<\/article><!-- #post -->\n\n\n\t\t\t\t\t\n\t\t\t\t\t","status":"have-posts","nextPage":"https:\/\/asociatiacivica.ro\/category\/noutati\/page\/3\/?woo_ajax=1","currentPage":"https:\/\/asociatiacivica.ro\/category\/noutati\/page\/2"}